{"id":24425,"date":"2024-05-27T11:35:31","date_gmt":"2024-05-27T09:35:31","guid":{"rendered":"https:\/\/www.prohuis.nl\/a-louer-bergen-op-zoom-4-865-m%c2%b2\/"},"modified":"2024-05-27T11:35:31","modified_gmt":"2024-05-27T09:35:31","slug":"a-louer-bergen-op-zoom-4-865-m%c2%b2","status":"publish","type":"post","link":"https:\/\/www.prohuis.nl\/fr\/a-louer-bergen-op-zoom-4-865-m%c2%b2\/","title":{"rendered":"A LOUER | BERGEN OP ZOOM | 4 865 m\u00b2"},"content":{"rendered":"<p>Nous vous proposons \u00e0 la location ce d\u00e9veloppement logistique situ\u00e9 \u00e0 Ringersweg 16 \u00e0 Bergen op Zoom. Il s&rsquo;agit d&rsquo;un emplacement A bien en vue sur Randweg-West, \u00e0 l&rsquo;entr\u00e9e du parc d&rsquo;activit\u00e9s Noordland.<\/p>\n<p>Le complexe comprend environ 4 140 m\u00b2 d&rsquo;espace industriel, environ 450 m\u00b2 d&rsquo;espace de bureau, environ 275 m\u00b2 de mezzanine et 58 places de parking. En outre, l&rsquo;entrep\u00f4t a une hauteur libre d&rsquo;environ 10 m\u00b9 et est \u00e9quip\u00e9 de 5 quais de chargement et de deux portes basculantes au niveau du sol. La propri\u00e9t\u00e9 \u00e0 construire aura une valeur RC \u00e9lev\u00e9e et sera \u00e9quip\u00e9e de 96 panneaux solaires sur le toit. Nous pouvons parler d&rsquo;une finition luxueuse et compl\u00e8te et d&rsquo;un aspect tr\u00e8s moderne.<\/p>\n<p>Si cette \u00e9volution pr\u00e9sente un int\u00e9r\u00eat pour vos activit\u00e9s professionnelles, veuillez contacter <a id=\"ember2690\" class=\"ember-view\" href=\"https:\/\/www.linkedin.com\/in\/robbert-van-oers-97506048\/\" target=\"_blank\" rel=\"noopener\">Robbert van Oers<\/a> et <a id=\"ember2691\" class=\"ember-view\" href=\"https:\/\/www.linkedin.com\/in\/flip-verdonck-195454194\/\" target=\"_blank\" rel=\"noopener\">Flip Verdonck<\/a> de <a class=\"app-aware-link \" href=\"https:\/\/www.linkedin.com\/company\/baas-makelaars\/\" target=\"_self\" data-test-app-aware-link=\"\" rel=\"noopener\">Baas Makelaars<\/a> ou <a id=\"ember2692\" class=\"ember-view\" href=\"https:\/\/www.linkedin.com\/in\/michel-weijts\/\" target=\"_blank\" rel=\"noopener\">Michel Weijts<\/a> de <a class=\"app-aware-link \" href=\"https:\/\/www.linkedin.com\/company\/baas-makelaars\/\" target=\"_self\" data-test-app-aware-link=\"\" rel=\"noopener\">Baas Makelaars<\/a>.<\/p>\n<p><img fetchpriority=\"high\" decoding=\"async\" class=\"alignnone size-full wp-image-24416\" src=\"https:\/\/www.prohuis.nl\/wp-content\/uploads\/2024\/01\/Ringersweg-23mei24-scaled.jpg\" alt=\"\" width=\"2560\" height=\"1440\" srcset=\"https:\/\/www.prohuis.nl\/wp-content\/uploads\/2024\/01\/Ringersweg-23mei24-scaled.jpg 2560w, https:\/\/www.prohuis.nl\/wp-content\/uploads\/2024\/01\/Ringersweg-23mei24-300x169.jpg 300w, https:\/\/www.prohuis.nl\/wp-content\/uploads\/2024\/01\/Ringersweg-23mei24-1024x576.jpg 1024w, https:\/\/www.prohuis.nl\/wp-content\/uploads\/2024\/01\/Ringersweg-23mei24-768x432.jpg 768w, https:\/\/www.prohuis.nl\/wp-content\/uploads\/2024\/01\/Ringersweg-23mei24-1536x864.jpg 1536w, https:\/\/www.prohuis.nl\/wp-content\/uploads\/2024\/01\/Ringersweg-23mei24-2048x1152.jpg 2048w\" sizes=\"(max-width: 2560px) 100vw, 2560px\" \/><\/p>\n","protected":false},"excerpt":{"rendered":"<p>Nous vous proposons \u00e0 la location ce d\u00e9veloppement logistique situ\u00e9 \u00e0 Ringersweg 16 \u00e0 Bergen op Zoom. Il s&rsquo;agit d&rsquo;un emplacement A bien en vue sur Randweg-West, \u00e0 l&rsquo;entr\u00e9e du parc d&rsquo;activit\u00e9s Noordland. Le complexe comprend environ 4 140 m\u00b2 d&rsquo;espace industriel, environ 450 m\u00b2 d&rsquo;espace de bureau, environ 275 m\u00b2 de mezzanine et 58 &#8230; <a title=\"A LOUER | BERGEN OP ZOOM | 4 865 m\u00b2\" class=\"read-more\" href=\"https:\/\/www.prohuis.nl\/fr\/a-louer-bergen-op-zoom-4-865-m%c2%b2\/\" aria-label=\"En savoir plus sur A LOUER | BERGEN OP ZOOM | 4 865 m\u00b2\">Lire la suite<\/a><\/p>\n","protected":false},"author":6,"featured_media":24419,"comment_status":"closed","ping_status":"closed","sticky":false,"template":"","format":"standard","meta":{"footnotes":""},"categories":[32],"tags":[],"class_list":["post-24425","post","type-post","status-publish","format-standard","has-post-thumbnail","hentry","category-nouvelles"],"_links":{"self":[{"href":"https:\/\/www.prohuis.nl\/fr\/wp-json\/wp\/v2\/posts\/24425","targetHints":{"allow":["GET"]}}],"collection":[{"href":"https:\/\/www.prohuis.nl\/fr\/wp-json\/wp\/v2\/posts"}],"about":[{"href":"https:\/\/www.prohuis.nl\/fr\/wp-json\/wp\/v2\/types\/post"}],"author":[{"embeddable":true,"href":"https:\/\/www.prohuis.nl\/fr\/wp-json\/wp\/v2\/users\/6"}],"replies":[{"embeddable":true,"href":"https:\/\/www.prohuis.nl\/fr\/wp-json\/wp\/v2\/comments?post=24425"}],"version-history":[{"count":0,"href":"https:\/\/www.prohuis.nl\/fr\/wp-json\/wp\/v2\/posts\/24425\/revisions"}],"wp:featuredmedia":[{"embeddable":true,"href":"https:\/\/www.prohuis.nl\/fr\/wp-json\/wp\/v2\/media\/24419"}],"wp:attachment":[{"href":"https:\/\/www.prohuis.nl\/fr\/wp-json\/wp\/v2\/media?parent=24425"}],"wp:term":[{"taxonomy":"category","embeddable":true,"href":"https:\/\/www.prohuis.nl\/fr\/wp-json\/wp\/v2\/categories?post=24425"},{"taxonomy":"post_tag","embeddable":true,"href":"https:\/\/www.prohuis.nl\/fr\/wp-json\/wp\/v2\/tags?post=24425"}],"curies":[{"name":"wp","href":"https:\/\/api.w.org\/{rel}","templated":true}]}}