{"id":24020,"date":"2024-04-25T13:43:10","date_gmt":"2024-04-25T11:43:10","guid":{"rendered":"https:\/\/www.prohuis.nl\/livraison-de-la-phase-4-du-bagvenpark-breda\/"},"modified":"2024-04-25T13:43:19","modified_gmt":"2024-04-25T11:43:19","slug":"livraison-de-la-phase-4-du-bagvenpark-breda","status":"publish","type":"post","link":"https:\/\/www.prohuis.nl\/fr\/livraison-de-la-phase-4-du-bagvenpark-breda\/","title":{"rendered":"Livraison de la phase 4 du Bagvenpark Breda"},"content":{"rendered":"<p>La phase 4 a \u00e9t\u00e9 achev\u00e9e dans le parc d&rsquo;activit\u00e9s Bagvenpark \u00e0 Breda. Le b\u00e2timent est situ\u00e9 directement \u00e0 l&rsquo;entr\u00e9e\/sortie des autoroutes A16 et A58.<\/p>\n<p>Ce complexe durable se compose de deux unit\u00e9s d&rsquo;affaires\/bureaux d&rsquo;une superficie totale de 2 630 m2. ? ???<\/p>\n<p>Les deux unit\u00e9s sont lou\u00e9es \u00e0 long terme \u00e0 <a class=\"app-aware-link \" href=\"https:\/\/www.linkedin.com\/company\/nibe-energietechniek-bv\/\" target=\"_self\" data-test-app-aware-link=\"\" rel=\"noopener\">NIBE Energietechniek BV<\/a> et <a class=\"app-aware-link \" href=\"https:\/\/www.linkedin.com\/company\/kvik-as\/\" target=\"_self\" data-test-app-aware-link=\"\" rel=\"noopener\">Kvik A\/S<\/a>. Nous souhaitons aux deux locataires la meilleure des chances dans ce bel endroit !<\/p>\n<p>Voyez le r\u00e9sultat final ci-dessous????\ufe0f<\/p>\n<p><iframe title=\"Bagvenpark fase 4, Breda, 2 bedrijfs-\/kantoorunits\" width=\"1200\" height=\"675\" src=\"https:\/\/www.youtube.com\/embed\/XLLPTH2cbwI?feature=oembed\" frameborder=\"0\" allow=\"accelerometer; autoplay; clipboard-write; encrypted-media; gyroscope; picture-in-picture; web-share\" referrerpolicy=\"strict-origin-when-cross-origin\" allowfullscreen><\/iframe><\/p>\n<p>&nbsp;<\/p>\n<p>&nbsp;<\/p>\n","protected":false},"excerpt":{"rendered":"<p>La phase 4 a \u00e9t\u00e9 achev\u00e9e dans le parc d&rsquo;activit\u00e9s Bagvenpark \u00e0 Breda. Le b\u00e2timent est situ\u00e9 directement \u00e0 l&rsquo;entr\u00e9e\/sortie des autoroutes A16 et A58. Ce complexe durable se compose de deux unit\u00e9s d&rsquo;affaires\/bureaux d&rsquo;une superficie totale de 2 630 m2. ? ??? Les deux unit\u00e9s sont lou\u00e9es \u00e0 long terme \u00e0 NIBE Energietechniek BV &#8230; <a title=\"Livraison de la phase 4 du Bagvenpark Breda\" class=\"read-more\" href=\"https:\/\/www.prohuis.nl\/fr\/livraison-de-la-phase-4-du-bagvenpark-breda\/\" aria-label=\"En savoir plus sur Livraison de la phase 4 du Bagvenpark Breda\">Lire la suite<\/a><\/p>\n","protected":false},"author":6,"featured_media":21183,"comment_status":"closed","ping_status":"closed","sticky":false,"template":"","format":"standard","meta":{"footnotes":""},"categories":[32],"tags":[],"class_list":["post-24020","post","type-post","status-publish","format-standard","has-post-thumbnail","hentry","category-nouvelles"],"_links":{"self":[{"href":"https:\/\/www.prohuis.nl\/fr\/wp-json\/wp\/v2\/posts\/24020","targetHints":{"allow":["GET"]}}],"collection":[{"href":"https:\/\/www.prohuis.nl\/fr\/wp-json\/wp\/v2\/posts"}],"about":[{"href":"https:\/\/www.prohuis.nl\/fr\/wp-json\/wp\/v2\/types\/post"}],"author":[{"embeddable":true,"href":"https:\/\/www.prohuis.nl\/fr\/wp-json\/wp\/v2\/users\/6"}],"replies":[{"embeddable":true,"href":"https:\/\/www.prohuis.nl\/fr\/wp-json\/wp\/v2\/comments?post=24020"}],"version-history":[{"count":1,"href":"https:\/\/www.prohuis.nl\/fr\/wp-json\/wp\/v2\/posts\/24020\/revisions"}],"predecessor-version":[{"id":24024,"href":"https:\/\/www.prohuis.nl\/fr\/wp-json\/wp\/v2\/posts\/24020\/revisions\/24024"}],"wp:featuredmedia":[{"embeddable":true,"href":"https:\/\/www.prohuis.nl\/fr\/wp-json\/wp\/v2\/media\/21183"}],"wp:attachment":[{"href":"https:\/\/www.prohuis.nl\/fr\/wp-json\/wp\/v2\/media?parent=24020"}],"wp:term":[{"taxonomy":"category","embeddable":true,"href":"https:\/\/www.prohuis.nl\/fr\/wp-json\/wp\/v2\/categories?post=24020"},{"taxonomy":"post_tag","embeddable":true,"href":"https:\/\/www.prohuis.nl\/fr\/wp-json\/wp\/v2\/tags?post=24020"}],"curies":[{"name":"wp","href":"https:\/\/api.w.org\/{rel}","templated":true}]}}