{"id":19120,"date":"2023-04-11T15:04:51","date_gmt":"2023-04-11T13:04:51","guid":{"rendered":"https:\/\/www.prohuis.nl\/celebration-du-debut-de-la-construction-a-etten-leur\/"},"modified":"2023-04-11T15:04:58","modified_gmt":"2023-04-11T13:04:58","slug":"celebration-du-debut-de-la-construction-a-etten-leur","status":"publish","type":"post","link":"https:\/\/www.prohuis.nl\/fr\/celebration-du-debut-de-la-construction-a-etten-leur\/","title":{"rendered":"C\u00e9l\u00e9bration du d\u00e9but de la construction \u00e0 Etten-Leur !"},"content":{"rendered":"<p>C\u00e9l\u00e9bration du d\u00e9but de la construction \u00e0 Etten-Leur. Hier apr\u00e8s-midi, le moment festif a eu lieu. Le site de l&rsquo;ancien garage automobile d&rsquo;environ 18 000 m2 fait place \u00e0 un nouveau complexe de construction ultramoderne ????????\ufe0f ????<\/p>\n<p>Nous souhaitons \u00e0 <a href=\"https:\/\/www.linkedin.com\/company\/willynaessens-nederland\/\" data-attribute-index=\"0\" data-entity-type=\"MINI_COMPANY\" target=\"_blank\" rel=\"noopener\">Willy Naessens NEDERLAND<\/a> beaucoup de succ\u00e8s dans la poursuite de la construction.<\/p>\n<p>Heureusement, il reste des unit\u00e9s disponibles et vous pouvez encore obtenir votre place dans ce nouveau parc d&rsquo;activit\u00e9s. Vous \u00eates curieux ? Cliquez ensuite sur :<\/p>\n<p><a href=\"https:\/\/lnkd.in\/eEVywznG\" data-attribute-index=\"6\" target=\"_blank\" rel=\"noopener\">https:\/\/lnkd.in\/eEVywznG<\/a><\/p>\n<p>Nous tenons \u00e0 remercier tous les participants pour cet apr\u00e8s-midi ! ????\u200d\u2642\ufe0f ? ??? Merci \u00e0 <a href=\"https:\/\/www.linkedin.com\/in\/ACoAAAHGd5cBfle38bHhYfq6-SPEcm62PoBJejQ\" data-attribute-index=\"2\" data-entity-type=\"MINI_PROFILE\" target=\"_blank\" rel=\"noopener\">Ger De Weert<\/a> de la <a href=\"https:\/\/www.linkedin.com\/company\/gemeente-etten-leur\/\" data-attribute-index=\"4\" data-entity-type=\"MINI_COMPANY\" target=\"_blank\" rel=\"noopener\">commune d&rsquo;Etten-Leur<\/a> pour ses bons mots !<\/p>\n<p><img fetchpriority=\"high\" decoding=\"async\" class=\"alignnone size-full wp-image-18214\" src=\"https:\/\/www.prohuis.nl\/wp-content\/uploads\/2022\/11\/Etten-Leur_02-18nov22-2-scaled.jpg\" alt=\"\" width=\"2560\" height=\"1440\" srcset=\"https:\/\/www.prohuis.nl\/wp-content\/uploads\/2022\/11\/Etten-Leur_02-18nov22-2-scaled.jpg 2560w, https:\/\/www.prohuis.nl\/wp-content\/uploads\/2022\/11\/Etten-Leur_02-18nov22-2-300x169.jpg 300w, https:\/\/www.prohuis.nl\/wp-content\/uploads\/2022\/11\/Etten-Leur_02-18nov22-2-1024x576.jpg 1024w, https:\/\/www.prohuis.nl\/wp-content\/uploads\/2022\/11\/Etten-Leur_02-18nov22-2-768x432.jpg 768w, https:\/\/www.prohuis.nl\/wp-content\/uploads\/2022\/11\/Etten-Leur_02-18nov22-2-1536x864.jpg 1536w\" sizes=\"(max-width: 2560px) 100vw, 2560px\" \/><\/p>\n","protected":false},"excerpt":{"rendered":"<p>C\u00e9l\u00e9bration du d\u00e9but de la construction \u00e0 Etten-Leur. Hier apr\u00e8s-midi, le moment festif a eu lieu. Le site de l&rsquo;ancien garage automobile d&rsquo;environ 18 000 m2 fait place \u00e0 un nouveau complexe de construction ultramoderne ????????\ufe0f ???? Nous souhaitons \u00e0 Willy Naessens NEDERLAND beaucoup de succ\u00e8s dans la poursuite de la construction. Heureusement, il reste &#8230; <a title=\"C\u00e9l\u00e9bration du d\u00e9but de la construction \u00e0 Etten-Leur !\" class=\"read-more\" href=\"https:\/\/www.prohuis.nl\/fr\/celebration-du-debut-de-la-construction-a-etten-leur\/\" aria-label=\"En savoir plus sur C\u00e9l\u00e9bration du d\u00e9but de la construction \u00e0 Etten-Leur !\">Lire la suite<\/a><\/p>\n","protected":false},"author":6,"featured_media":18217,"comment_status":"closed","ping_status":"closed","sticky":false,"template":"","format":"standard","meta":{"footnotes":""},"categories":[32],"tags":[],"class_list":["post-19120","post","type-post","status-publish","format-standard","has-post-thumbnail","hentry","category-nouvelles"],"_links":{"self":[{"href":"https:\/\/www.prohuis.nl\/fr\/wp-json\/wp\/v2\/posts\/19120","targetHints":{"allow":["GET"]}}],"collection":[{"href":"https:\/\/www.prohuis.nl\/fr\/wp-json\/wp\/v2\/posts"}],"about":[{"href":"https:\/\/www.prohuis.nl\/fr\/wp-json\/wp\/v2\/types\/post"}],"author":[{"embeddable":true,"href":"https:\/\/www.prohuis.nl\/fr\/wp-json\/wp\/v2\/users\/6"}],"replies":[{"embeddable":true,"href":"https:\/\/www.prohuis.nl\/fr\/wp-json\/wp\/v2\/comments?post=19120"}],"version-history":[{"count":1,"href":"https:\/\/www.prohuis.nl\/fr\/wp-json\/wp\/v2\/posts\/19120\/revisions"}],"predecessor-version":[{"id":19121,"href":"https:\/\/www.prohuis.nl\/fr\/wp-json\/wp\/v2\/posts\/19120\/revisions\/19121"}],"wp:featuredmedia":[{"embeddable":true,"href":"https:\/\/www.prohuis.nl\/fr\/wp-json\/wp\/v2\/media\/18217"}],"wp:attachment":[{"href":"https:\/\/www.prohuis.nl\/fr\/wp-json\/wp\/v2\/media?parent=19120"}],"wp:term":[{"taxonomy":"category","embeddable":true,"href":"https:\/\/www.prohuis.nl\/fr\/wp-json\/wp\/v2\/categories?post=19120"},{"taxonomy":"post_tag","embeddable":true,"href":"https:\/\/www.prohuis.nl\/fr\/wp-json\/wp\/v2\/tags?post=19120"}],"curies":[{"name":"wp","href":"https:\/\/api.w.org\/{rel}","templated":true}]}}