{"id":18113,"date":"2022-11-22T10:43:50","date_gmt":"2022-11-22T09:43:50","guid":{"rendered":"https:\/\/prohuis.nl\/1ere-unite-louee-voltastraat-zwijndrecht\/"},"modified":"2022-11-22T10:43:50","modified_gmt":"2022-11-22T09:43:50","slug":"1ere-unite-louee-voltastraat-zwijndrecht","status":"publish","type":"post","link":"https:\/\/www.prohuis.nl\/fr\/1ere-unite-louee-voltastraat-zwijndrecht\/","title":{"rendered":"1\u00e8re unit\u00e9 lou\u00e9e Voltastraat Zwijndrecht !"},"content":{"rendered":"<p>Aujourd&rsquo;hui, la premi\u00e8re unit\u00e9 a \u00e9t\u00e9 lou\u00e9e \u00e0 Voltastraat 43-47 \u00e0 Zwijndrecht.<\/p>\n<p>Nous souhaitons la bienvenue \u00e0 <a href=\"https:\/\/www.linkedin.com\/in\/ACoAABGCOh8BpymALotG09nZ-WmAFsV7YsT-eaI\" data-attribute-index=\"0\" data-entity-hovercard-id=\"urn:li:fs_miniProfile:ACoAABGCOh8BpymALotG09nZ-WmAFsV7YsT-eaI\" data-entity-type=\"MINI_PROFILE\" target=\"_blank\" rel=\"noopener\">Ot Huijser<\/a> de <a href=\"https:\/\/www.linkedin.com\/company\/bouwtal\/\" data-attribute-index=\"2\" data-entity-hovercard-id=\"urn:li:fs_miniCompany:80758688\" data-entity-type=\"MINI_COMPANY\" target=\"_blank\" rel=\"noopener\">BOUWTAL<\/a> et lui souhaitons beaucoup de succ\u00e8s dans ce nouvel emplacement !<\/p>\n<p>Nous remercions <a href=\"https:\/\/www.linkedin.com\/in\/ACoAAAYUbyUB7NNavdWlsDozjuYOvabXs2QGGwA\" data-attribute-index=\"4\" data-entity-hovercard-id=\"urn:li:fs_miniProfile:ACoAAAYUbyUB7NNavdWlsDozjuYOvabXs2QGGwA\" data-entity-type=\"MINI_PROFILE\" target=\"_blank\" rel=\"noopener\">Paul Norbruis<\/a> pour avoir supervis\u00e9 cette transaction.<\/p>\n<p>Nous sommes en train de d\u00e9velopper un total de 9 unit\u00e9s de bureaux d&rsquo;entreprise efficaces sur le plan \u00e9nerg\u00e9tique et durables. La fin des travaux est pr\u00e9vue pour juillet 2023. Vous voulez en savoir plus ? Contacter <a href=\"https:\/\/www.linkedin.com\/in\/ACoAABS_4NYBAiIi6Uv9sd3Kn8IslARKPWGVYlE\" data-attribute-index=\"6\" data-entity-hovercard-id=\"urn:li:fs_miniProfile:ACoAABS_4NYBAiIi6Uv9sd3Kn8IslARKPWGVYlE\" data-entity-type=\"MINI_PROFILE\" target=\"_blank\" rel=\"noopener\">Maurice Van de Kamp<\/a> ou <a href=\"https:\/\/www.linkedin.com\/in\/ACoAAAYUbyUB7NNavdWlsDozjuYOvabXs2QGGwA\" data-attribute-index=\"8\" data-entity-hovercard-id=\"urn:li:fs_miniProfile:ACoAAAYUbyUB7NNavdWlsDozjuYOvabXs2QGGwA\" data-entity-type=\"MINI_PROFILE\" target=\"_blank\" rel=\"noopener\">Paul Norbruis<\/a><\/p>\n<p>Entrepreneur : <a href=\"https:\/\/www.linkedin.com\/company\/willynaessens-nederland\/\" data-attribute-index=\"10\" data-entity-hovercard-id=\"urn:li:fs_miniCompany:42357615\" data-entity-type=\"MINI_COMPANY\" target=\"_blank\" rel=\"noopener\">Willy Naessens NEDERLAND<\/a><br \/>\nArchitecte : <a href=\"https:\/\/www.linkedin.com\/company\/bias-architecten\/\" data-attribute-index=\"12\" data-entity-hovercard-id=\"urn:li:fs_miniCompany:571861\" data-entity-type=\"MINI_COMPANY\" target=\"_blank\" rel=\"noopener\">Bias Architects<\/a><\/p>\n<p><img fetchpriority=\"high\" decoding=\"async\" class=\"alignnone size-full wp-image-18105\" src=\"https:\/\/prohuis.nl\/wp-content\/uploads\/2022\/11\/1111111.jpg\" alt=\"\" width=\"2016\" height=\"1512\" srcset=\"https:\/\/www.prohuis.nl\/wp-content\/uploads\/2022\/11\/1111111.jpg 2016w, https:\/\/www.prohuis.nl\/wp-content\/uploads\/2022\/11\/1111111-300x225.jpg 300w, https:\/\/www.prohuis.nl\/wp-content\/uploads\/2022\/11\/1111111-1024x768.jpg 1024w, https:\/\/www.prohuis.nl\/wp-content\/uploads\/2022\/11\/1111111-768x576.jpg 768w, https:\/\/www.prohuis.nl\/wp-content\/uploads\/2022\/11\/1111111-1536x1152.jpg 1536w\" sizes=\"(max-width: 2016px) 100vw, 2016px\" \/><\/p>\n","protected":false},"excerpt":{"rendered":"<p>Aujourd&rsquo;hui, la premi\u00e8re unit\u00e9 a \u00e9t\u00e9 lou\u00e9e \u00e0 Voltastraat 43-47 \u00e0 Zwijndrecht. Nous souhaitons la bienvenue \u00e0 Ot Huijser de BOUWTAL et lui souhaitons beaucoup de succ\u00e8s dans ce nouvel emplacement ! Nous remercions Paul Norbruis pour avoir supervis\u00e9 cette transaction. Nous sommes en train de d\u00e9velopper un total de 9 unit\u00e9s de bureaux d&rsquo;entreprise &#8230; <a title=\"1\u00e8re unit\u00e9 lou\u00e9e Voltastraat Zwijndrecht !\" class=\"read-more\" href=\"https:\/\/www.prohuis.nl\/fr\/1ere-unite-louee-voltastraat-zwijndrecht\/\" aria-label=\"En savoir plus sur 1\u00e8re unit\u00e9 lou\u00e9e Voltastraat Zwijndrecht !\">Lire la suite<\/a><\/p>\n","protected":false},"author":6,"featured_media":18108,"comment_status":"closed","ping_status":"closed","sticky":false,"template":"","format":"standard","meta":{"footnotes":""},"categories":[32],"tags":[],"class_list":["post-18113","post","type-post","status-publish","format-standard","has-post-thumbnail","hentry","category-nouvelles"],"_links":{"self":[{"href":"https:\/\/www.prohuis.nl\/fr\/wp-json\/wp\/v2\/posts\/18113","targetHints":{"allow":["GET"]}}],"collection":[{"href":"https:\/\/www.prohuis.nl\/fr\/wp-json\/wp\/v2\/posts"}],"about":[{"href":"https:\/\/www.prohuis.nl\/fr\/wp-json\/wp\/v2\/types\/post"}],"author":[{"embeddable":true,"href":"https:\/\/www.prohuis.nl\/fr\/wp-json\/wp\/v2\/users\/6"}],"replies":[{"embeddable":true,"href":"https:\/\/www.prohuis.nl\/fr\/wp-json\/wp\/v2\/comments?post=18113"}],"version-history":[{"count":0,"href":"https:\/\/www.prohuis.nl\/fr\/wp-json\/wp\/v2\/posts\/18113\/revisions"}],"wp:featuredmedia":[{"embeddable":true,"href":"https:\/\/www.prohuis.nl\/fr\/wp-json\/wp\/v2\/media\/18108"}],"wp:attachment":[{"href":"https:\/\/www.prohuis.nl\/fr\/wp-json\/wp\/v2\/media?parent=18113"}],"wp:term":[{"taxonomy":"category","embeddable":true,"href":"https:\/\/www.prohuis.nl\/fr\/wp-json\/wp\/v2\/categories?post=18113"},{"taxonomy":"post_tag","embeddable":true,"href":"https:\/\/www.prohuis.nl\/fr\/wp-json\/wp\/v2\/tags?post=18113"}],"curies":[{"name":"wp","href":"https:\/\/api.w.org\/{rel}","templated":true}]}}