{"id":17665,"date":"2017-08-29T09:04:38","date_gmt":"2017-08-29T07:04:38","guid":{"rendered":"https:\/\/prohuis.nl\/le-1er-pieu-festif-frappe-par-lechevin-de-ridderkerk\/"},"modified":"2017-08-29T09:04:38","modified_gmt":"2017-08-29T07:04:38","slug":"le-1er-pieu-festif-frappe-par-lechevin-de-ridderkerk","status":"publish","type":"post","link":"https:\/\/www.prohuis.nl\/fr\/le-1er-pieu-festif-frappe-par-lechevin-de-ridderkerk\/","title":{"rendered":"Le 1er pieu festif frapp\u00e9 par l&rsquo;\u00e9chevin de Ridderkerk"},"content":{"rendered":"<p>Hier, M. Gobinda avec ses fils et le conseiller Henk Dokter la pile de c\u00e9l\u00e9bration pour notre nouveau projet de construction \u00e0 Cornelisland Ridderkerk.<\/p>\n<p>Encore quelques unit\u00e9s \u00e0 vendre ! Concerne 893 m\u00b2 d&rsquo;entrep\u00f4ts (8 m\u00e8tres de hauteur, 2 500 kg\/m\u00b2 de charge au sol) et 98 m\u00b2 de bureaux, situ\u00e9s sur un terrain propre de 1 195 m\u00b2. Prix d&rsquo;achat \u20ac 990.000 libre sur nom hors TVA.<\/p>\n<p><img fetchpriority=\"high\" decoding=\"async\" class=\"alignnone size-full wp-image-1240\" src=\"http:\/\/prohuis.nl\/wp-content\/uploads\/2017\/08\/IMG_5391.jpg\" alt=\"\" width=\"640\" height=\"480\"><\/p>\n<p><img decoding=\"async\" class=\"alignnone size-full wp-image-1241\" src=\"http:\/\/prohuis.nl\/wp-content\/uploads\/2017\/08\/IMG_5395.jpg\" alt=\"\" width=\"640\" height=\"480\" srcset=\"https:\/\/www.prohuis.nl\/wp-content\/uploads\/2017\/08\/IMG_5395.jpg 640w, https:\/\/www.prohuis.nl\/wp-content\/uploads\/2017\/08\/IMG_5395-300x225.jpg 300w\" sizes=\"(max-width: 640px) 100vw, 640px\" \/><\/p>\n","protected":false},"excerpt":{"rendered":"<p>Hier, M. Gobinda avec ses fils et le conseiller Henk Dokter la pile de c\u00e9l\u00e9bration pour notre nouveau projet de construction \u00e0 Cornelisland Ridderkerk. Encore quelques unit\u00e9s \u00e0 vendre ! Concerne 893 m\u00b2 d&rsquo;entrep\u00f4ts (8 m\u00e8tres de hauteur, 2 500 kg\/m\u00b2 de charge au sol) et 98 m\u00b2 de bureaux, situ\u00e9s sur un terrain propre &#8230; <a title=\"Le 1er pieu festif frapp\u00e9 par l&rsquo;\u00e9chevin de Ridderkerk\" class=\"read-more\" href=\"https:\/\/www.prohuis.nl\/fr\/le-1er-pieu-festif-frappe-par-lechevin-de-ridderkerk\/\" aria-label=\"En savoir plus sur Le 1er pieu festif frapp\u00e9 par l&rsquo;\u00e9chevin de Ridderkerk\">Lire la suite<\/a><\/p>\n","protected":false},"author":1,"featured_media":11356,"comment_status":"closed","ping_status":"closed","sticky":false,"template":"","format":"standard","meta":{"footnotes":""},"categories":[32],"tags":[],"class_list":["post-17665","post","type-post","status-publish","format-standard","has-post-thumbnail","hentry","category-nouvelles"],"_links":{"self":[{"href":"https:\/\/www.prohuis.nl\/fr\/wp-json\/wp\/v2\/posts\/17665","targetHints":{"allow":["GET"]}}],"collection":[{"href":"https:\/\/www.prohuis.nl\/fr\/wp-json\/wp\/v2\/posts"}],"about":[{"href":"https:\/\/www.prohuis.nl\/fr\/wp-json\/wp\/v2\/types\/post"}],"author":[{"embeddable":true,"href":"https:\/\/www.prohuis.nl\/fr\/wp-json\/wp\/v2\/users\/1"}],"replies":[{"embeddable":true,"href":"https:\/\/www.prohuis.nl\/fr\/wp-json\/wp\/v2\/comments?post=17665"}],"version-history":[{"count":0,"href":"https:\/\/www.prohuis.nl\/fr\/wp-json\/wp\/v2\/posts\/17665\/revisions"}],"wp:featuredmedia":[{"embeddable":true,"href":"https:\/\/www.prohuis.nl\/fr\/wp-json\/wp\/v2\/media\/11356"}],"wp:attachment":[{"href":"https:\/\/www.prohuis.nl\/fr\/wp-json\/wp\/v2\/media?parent=17665"}],"wp:term":[{"taxonomy":"category","embeddable":true,"href":"https:\/\/www.prohuis.nl\/fr\/wp-json\/wp\/v2\/categories?post=17665"},{"taxonomy":"post_tag","embeddable":true,"href":"https:\/\/www.prohuis.nl\/fr\/wp-json\/wp\/v2\/tags?post=17665"}],"curies":[{"name":"wp","href":"https:\/\/api.w.org\/{rel}","templated":true}]}}