{"id":17656,"date":"2018-11-22T09:36:10","date_gmt":"2018-11-22T08:36:10","guid":{"rendered":"https:\/\/prohuis.nl\/env-108m2-a-louer-a-rotterdam\/"},"modified":"2018-11-22T09:36:10","modified_gmt":"2018-11-22T08:36:10","slug":"env-108m2-a-louer-a-rotterdam","status":"publish","type":"post","link":"https:\/\/www.prohuis.nl\/fr\/env-108m2-a-louer-a-rotterdam\/","title":{"rendered":"env. 108m2 \u00e0 louer \u00e0 Rotterdam"},"content":{"rendered":"<p class=\"mentions-texteditor__content\">A LOUER : Immeuble de bureaux r\u00e9nov\u00e9 et repr\u00e9sentatif \u00e0 Rotterdam. La propri\u00e9t\u00e9 se compose de deux \u00e9tages d&rsquo;une superficie totale d&rsquo;environ 108 m2 et pr\u00e9sente une finition et une installation enti\u00e8rement r\u00e9nov\u00e9es. Le restaurant \u00ab\u00a0Les Routies\u00a0\u00bb est situ\u00e9 au rez-de-chauss\u00e9e.<\/p>\n<p class=\"mentions-texteditor__content\">La propri\u00e9t\u00e9 est situ\u00e9e dans le parc d&rsquo;affaires &lsquo;Eemhaven&rsquo;, qui a un acc\u00e8s direct \u00e0 l&rsquo;autoroute A15. Le centre-ville de Rotterdam est \u00e0 environ 20 minutes en voiture. Loyer : 1 255 \u20ac\/mois. Int\u00e9ress\u00e9 ? j.vanderpas@prohuis.nl<\/p>\n<p><img fetchpriority=\"high\" decoding=\"async\" class=\"alignnone size-full wp-image-3102\" src=\"http:\/\/prohuis.nl\/wp-content\/uploads\/2018\/11\/15f6f9aa-fe5b-493e-a1eb-5dc8bba520a9.jpg\" alt=\"\" width=\"599\" height=\"373\" srcset=\"https:\/\/www.prohuis.nl\/wp-content\/uploads\/2018\/11\/15f6f9aa-fe5b-493e-a1eb-5dc8bba520a9.jpg 599w, https:\/\/www.prohuis.nl\/wp-content\/uploads\/2018\/11\/15f6f9aa-fe5b-493e-a1eb-5dc8bba520a9-300x187.jpg 300w\" sizes=\"(max-width: 599px) 100vw, 599px\" \/><\/p>\n","protected":false},"excerpt":{"rendered":"<p>A LOUER : Immeuble de bureaux r\u00e9nov\u00e9 et repr\u00e9sentatif \u00e0 Rotterdam. La propri\u00e9t\u00e9 se compose de deux \u00e9tages d&rsquo;une superficie totale d&rsquo;environ 108 m2 et pr\u00e9sente une finition et une installation enti\u00e8rement r\u00e9nov\u00e9es. Le restaurant \u00ab\u00a0Les Routies\u00a0\u00bb est situ\u00e9 au rez-de-chauss\u00e9e. La propri\u00e9t\u00e9 est situ\u00e9e dans le parc d&rsquo;affaires &lsquo;Eemhaven&rsquo;, qui a un acc\u00e8s direct &#8230; <a title=\"env. 108m2 \u00e0 louer \u00e0 Rotterdam\" class=\"read-more\" href=\"https:\/\/www.prohuis.nl\/fr\/env-108m2-a-louer-a-rotterdam\/\" aria-label=\"En savoir plus sur env. 108m2 \u00e0 louer \u00e0 Rotterdam\">Lire la suite<\/a><\/p>\n","protected":false},"author":1,"featured_media":11526,"comment_status":"closed","ping_status":"closed","sticky":false,"template":"","format":"standard","meta":{"footnotes":""},"categories":[32],"tags":[],"class_list":["post-17656","post","type-post","status-publish","format-standard","has-post-thumbnail","hentry","category-nouvelles"],"_links":{"self":[{"href":"https:\/\/www.prohuis.nl\/fr\/wp-json\/wp\/v2\/posts\/17656","targetHints":{"allow":["GET"]}}],"collection":[{"href":"https:\/\/www.prohuis.nl\/fr\/wp-json\/wp\/v2\/posts"}],"about":[{"href":"https:\/\/www.prohuis.nl\/fr\/wp-json\/wp\/v2\/types\/post"}],"author":[{"embeddable":true,"href":"https:\/\/www.prohuis.nl\/fr\/wp-json\/wp\/v2\/users\/1"}],"replies":[{"embeddable":true,"href":"https:\/\/www.prohuis.nl\/fr\/wp-json\/wp\/v2\/comments?post=17656"}],"version-history":[{"count":0,"href":"https:\/\/www.prohuis.nl\/fr\/wp-json\/wp\/v2\/posts\/17656\/revisions"}],"wp:featuredmedia":[{"embeddable":true,"href":"https:\/\/www.prohuis.nl\/fr\/wp-json\/wp\/v2\/media\/11526"}],"wp:attachment":[{"href":"https:\/\/www.prohuis.nl\/fr\/wp-json\/wp\/v2\/media?parent=17656"}],"wp:term":[{"taxonomy":"category","embeddable":true,"href":"https:\/\/www.prohuis.nl\/fr\/wp-json\/wp\/v2\/categories?post=17656"},{"taxonomy":"post_tag","embeddable":true,"href":"https:\/\/www.prohuis.nl\/fr\/wp-json\/wp\/v2\/tags?post=17656"}],"curies":[{"name":"wp","href":"https:\/\/api.w.org\/{rel}","templated":true}]}}