{"id":17650,"date":"2017-07-20T12:50:14","date_gmt":"2017-07-20T10:50:14","guid":{"rendered":"https:\/\/prohuis.nl\/lenergyhub-de-venlo-est-termine-nous-allons-maintenant-commencer-par-la-delegation-a-laccueil\/"},"modified":"2017-07-20T12:50:14","modified_gmt":"2017-07-20T10:50:14","slug":"lenergyhub-de-venlo-est-termine-nous-allons-maintenant-commencer-par-la-delegation-a-laccueil","status":"publish","type":"post","link":"https:\/\/www.prohuis.nl\/fr\/lenergyhub-de-venlo-est-termine-nous-allons-maintenant-commencer-par-la-delegation-a-laccueil\/","title":{"rendered":"L&rsquo;Energyhub de Venlo est termin\u00e9 ! Nous allons maintenant commencer par la d\u00e9l\u00e9gation \u00e0 l&rsquo;accueil"},"content":{"rendered":"<p>L&rsquo;ENERGYHUB de Venlo est termin\u00e9 et ouvert ! \u00c0 partir d&rsquo;aujourd&rsquo;hui, vous pouvez faire le plein de diff\u00e9rents carburants ici, y compris le GNL et le GNC. Nous allons bient\u00f4t commencer \u00e0 d\u00e9velopper la zone d&rsquo;accueil adjacente. Cela concerne un total de 700m2 r\u00e9partis sur deux \u00e9tages. L&rsquo;aire de restauration offre un espace aux diff\u00e9rents entrepreneurs du secteur alimentaire. Quelques unit\u00e9s sont encore disponibles \u00e0 la location.<\/p>\n<p><img fetchpriority=\"high\" decoding=\"async\" class=\"alignnone size-full wp-image-1145\" src=\"http:\/\/prohuis.nl\/wp-content\/uploads\/2017\/07\/foto.jpg\" alt=\"\" width=\"905\" height=\"507\" srcset=\"https:\/\/www.prohuis.nl\/wp-content\/uploads\/2017\/07\/foto.jpg 905w, https:\/\/www.prohuis.nl\/wp-content\/uploads\/2017\/07\/foto-300x168.jpg 300w, https:\/\/www.prohuis.nl\/wp-content\/uploads\/2017\/07\/foto-768x430.jpg 768w\" sizes=\"(max-width: 905px) 100vw, 905px\" \/><\/p>\n","protected":false},"excerpt":{"rendered":"<p>L&rsquo;ENERGYHUB de Venlo est termin\u00e9 et ouvert ! \u00c0 partir d&rsquo;aujourd&rsquo;hui, vous pouvez faire le plein de diff\u00e9rents carburants ici, y compris le GNL et le GNC. Nous allons bient\u00f4t commencer \u00e0 d\u00e9velopper la zone d&rsquo;accueil adjacente. Cela concerne un total de 700m2 r\u00e9partis sur deux \u00e9tages. L&rsquo;aire de restauration offre un espace aux diff\u00e9rents &#8230; <a title=\"L&rsquo;Energyhub de Venlo est termin\u00e9 ! Nous allons maintenant commencer par la d\u00e9l\u00e9gation \u00e0 l&rsquo;accueil\" class=\"read-more\" href=\"https:\/\/www.prohuis.nl\/fr\/lenergyhub-de-venlo-est-termine-nous-allons-maintenant-commencer-par-la-delegation-a-laccueil\/\" aria-label=\"En savoir plus sur L&rsquo;Energyhub de Venlo est termin\u00e9 ! Nous allons maintenant commencer par la d\u00e9l\u00e9gation \u00e0 l&rsquo;accueil\">Lire la suite<\/a><\/p>\n","protected":false},"author":1,"featured_media":11236,"comment_status":"closed","ping_status":"closed","sticky":false,"template":"","format":"standard","meta":{"footnotes":""},"categories":[32],"tags":[],"class_list":["post-17650","post","type-post","status-publish","format-standard","has-post-thumbnail","hentry","category-nouvelles"],"_links":{"self":[{"href":"https:\/\/www.prohuis.nl\/fr\/wp-json\/wp\/v2\/posts\/17650","targetHints":{"allow":["GET"]}}],"collection":[{"href":"https:\/\/www.prohuis.nl\/fr\/wp-json\/wp\/v2\/posts"}],"about":[{"href":"https:\/\/www.prohuis.nl\/fr\/wp-json\/wp\/v2\/types\/post"}],"author":[{"embeddable":true,"href":"https:\/\/www.prohuis.nl\/fr\/wp-json\/wp\/v2\/users\/1"}],"replies":[{"embeddable":true,"href":"https:\/\/www.prohuis.nl\/fr\/wp-json\/wp\/v2\/comments?post=17650"}],"version-history":[{"count":0,"href":"https:\/\/www.prohuis.nl\/fr\/wp-json\/wp\/v2\/posts\/17650\/revisions"}],"wp:featuredmedia":[{"embeddable":true,"href":"https:\/\/www.prohuis.nl\/fr\/wp-json\/wp\/v2\/media\/11236"}],"wp:attachment":[{"href":"https:\/\/www.prohuis.nl\/fr\/wp-json\/wp\/v2\/media?parent=17650"}],"wp:term":[{"taxonomy":"category","embeddable":true,"href":"https:\/\/www.prohuis.nl\/fr\/wp-json\/wp\/v2\/categories?post=17650"},{"taxonomy":"post_tag","embeddable":true,"href":"https:\/\/www.prohuis.nl\/fr\/wp-json\/wp\/v2\/tags?post=17650"}],"curies":[{"name":"wp","href":"https:\/\/api.w.org\/{rel}","templated":true}]}}