{"id":17595,"date":"2021-09-27T08:48:30","date_gmt":"2021-09-27T06:48:30","guid":{"rendered":"https:\/\/prohuis.nl\/certificat-de-formation-verhuurveilig\/"},"modified":"2021-09-27T08:48:30","modified_gmt":"2021-09-27T06:48:30","slug":"certificat-de-formation-verhuurveilig","status":"publish","type":"post","link":"https:\/\/www.prohuis.nl\/fr\/certificat-de-formation-verhuurveilig\/","title":{"rendered":"Certificat de formation VerHuurVeilig !"},"content":{"rendered":"<p>Tous les employ\u00e9s de notre organisation ont obtenu avec succ\u00e8s le certificat de Stichting VerhuurVeilig le 25 ao\u00fbt 2021. Par cons\u00e9quent, nous sommes pr\u00e9par\u00e9s pour les individus ou les organisations qui veulent acheter ou louer des propri\u00e9t\u00e9s avec de mauvaises intentions.<\/p>\n<p><img fetchpriority=\"high\" decoding=\"async\" class=\"alignnone size-full wp-image-5644\" src=\"http:\/\/prohuis.nl\/wp-content\/uploads\/2021\/09\/123123124.jpg\" alt=\"\" width=\"500\" height=\"314\" srcset=\"https:\/\/www.prohuis.nl\/wp-content\/uploads\/2021\/09\/123123124.jpg 500w, https:\/\/www.prohuis.nl\/wp-content\/uploads\/2021\/09\/123123124-300x188.jpg 300w\" sizes=\"(max-width: 500px) 100vw, 500px\" \/><\/p>\n","protected":false},"excerpt":{"rendered":"<p>Tous les employ\u00e9s de notre organisation ont obtenu avec succ\u00e8s le certificat de Stichting VerhuurVeilig le 25 ao\u00fbt 2021. Par cons\u00e9quent, nous sommes pr\u00e9par\u00e9s pour les individus ou les organisations qui veulent acheter ou louer des propri\u00e9t\u00e9s avec de mauvaises intentions.<\/p>\n","protected":false},"author":1,"featured_media":11896,"comment_status":"closed","ping_status":"closed","sticky":false,"template":"","format":"standard","meta":{"footnotes":""},"categories":[32],"tags":[],"class_list":["post-17595","post","type-post","status-publish","format-standard","has-post-thumbnail","hentry","category-nouvelles"],"_links":{"self":[{"href":"https:\/\/www.prohuis.nl\/fr\/wp-json\/wp\/v2\/posts\/17595","targetHints":{"allow":["GET"]}}],"collection":[{"href":"https:\/\/www.prohuis.nl\/fr\/wp-json\/wp\/v2\/posts"}],"about":[{"href":"https:\/\/www.prohuis.nl\/fr\/wp-json\/wp\/v2\/types\/post"}],"author":[{"embeddable":true,"href":"https:\/\/www.prohuis.nl\/fr\/wp-json\/wp\/v2\/users\/1"}],"replies":[{"embeddable":true,"href":"https:\/\/www.prohuis.nl\/fr\/wp-json\/wp\/v2\/comments?post=17595"}],"version-history":[{"count":0,"href":"https:\/\/www.prohuis.nl\/fr\/wp-json\/wp\/v2\/posts\/17595\/revisions"}],"wp:featuredmedia":[{"embeddable":true,"href":"https:\/\/www.prohuis.nl\/fr\/wp-json\/wp\/v2\/media\/11896"}],"wp:attachment":[{"href":"https:\/\/www.prohuis.nl\/fr\/wp-json\/wp\/v2\/media?parent=17595"}],"wp:term":[{"taxonomy":"category","embeddable":true,"href":"https:\/\/www.prohuis.nl\/fr\/wp-json\/wp\/v2\/categories?post=17595"},{"taxonomy":"post_tag","embeddable":true,"href":"https:\/\/www.prohuis.nl\/fr\/wp-json\/wp\/v2\/tags?post=17595"}],"curies":[{"name":"wp","href":"https:\/\/api.w.org\/{rel}","templated":true}]}}