{"id":16846,"date":"2017-07-20T10:51:25","date_gmt":"2017-07-20T08:51:25","guid":{"rendered":"https:\/\/prohuis.nl\/fascinatio-le-projet-de-construction-neuve-sur-1re-pile-un-grand-succes\/"},"modified":"2017-07-20T10:51:25","modified_gmt":"2017-07-20T08:51:25","slug":"fascinatio-le-projet-de-construction-neuve-sur-1re-pile-un-grand-succes","status":"publish","type":"post","link":"https:\/\/www.prohuis.nl\/fr\/fascinatio-le-projet-de-construction-neuve-sur-1re-pile-un-grand-succes\/","title":{"rendered":"Fascinatio, le projet de construction neuve sur 1re pile, un grand succ\u00e8s !"},"content":{"rendered":"<p>Hier, M. E.M.C. Faassen, \u00e9chevin des affaires \u00e9conomiques de la municipalit\u00e9 de Capelle aan den IJssel, a donn\u00e9 le coup d&rsquo;envoi festif de notre nouveau projet de construction. Nous avons ensuite c\u00e9l\u00e9br\u00e9 avec tous les participants sur le bateau The Maze ! Ce d\u00e9veloppement est le premier en huit ans pour la municipalit\u00e9 de Capelle aan den IJssel.<\/p>\n<p><img fetchpriority=\"high\" decoding=\"async\" class=\"alignnone size-large wp-image-1129\" src=\"http:\/\/prohuis.nl\/wp-content\/uploads\/2017\/07\/20251339_1615749725122881_1467196427_o.jpg\" alt=\"\" width=\"772\" height=\"1030\" srcset=\"https:\/\/www.prohuis.nl\/wp-content\/uploads\/2017\/07\/20251339_1615749725122881_1467196427_o.jpg 1000w, https:\/\/www.prohuis.nl\/wp-content\/uploads\/2017\/07\/20251339_1615749725122881_1467196427_o-225x300.jpg 225w, https:\/\/www.prohuis.nl\/wp-content\/uploads\/2017\/07\/20251339_1615749725122881_1467196427_o-768x1025.jpg 768w\" sizes=\"(max-width: 772px) 100vw, 772px\" \/><\/p>\n","protected":false},"excerpt":{"rendered":"<p>Hier, M. E.M.C. Faassen, \u00e9chevin des affaires \u00e9conomiques de la municipalit\u00e9 de Capelle aan den IJssel, a donn\u00e9 le coup d&rsquo;envoi festif de notre nouveau projet de construction. Nous avons ensuite c\u00e9l\u00e9br\u00e9 avec tous les participants sur le bateau The Maze ! Ce d\u00e9veloppement est le premier en huit ans pour la municipalit\u00e9 de Capelle &#8230; <a title=\"Fascinatio, le projet de construction neuve sur 1re pile, un grand succ\u00e8s !\" class=\"read-more\" href=\"https:\/\/www.prohuis.nl\/fr\/fascinatio-le-projet-de-construction-neuve-sur-1re-pile-un-grand-succes\/\" aria-label=\"En savoir plus sur Fascinatio, le projet de construction neuve sur 1re pile, un grand succ\u00e8s !\">Lire la suite<\/a><\/p>\n","protected":false},"author":1,"featured_media":11230,"comment_status":"closed","ping_status":"closed","sticky":false,"template":"","format":"standard","meta":{"footnotes":""},"categories":[32],"tags":[],"class_list":["post-16846","post","type-post","status-publish","format-standard","has-post-thumbnail","hentry","category-nouvelles"],"_links":{"self":[{"href":"https:\/\/www.prohuis.nl\/fr\/wp-json\/wp\/v2\/posts\/16846","targetHints":{"allow":["GET"]}}],"collection":[{"href":"https:\/\/www.prohuis.nl\/fr\/wp-json\/wp\/v2\/posts"}],"about":[{"href":"https:\/\/www.prohuis.nl\/fr\/wp-json\/wp\/v2\/types\/post"}],"author":[{"embeddable":true,"href":"https:\/\/www.prohuis.nl\/fr\/wp-json\/wp\/v2\/users\/1"}],"replies":[{"embeddable":true,"href":"https:\/\/www.prohuis.nl\/fr\/wp-json\/wp\/v2\/comments?post=16846"}],"version-history":[{"count":0,"href":"https:\/\/www.prohuis.nl\/fr\/wp-json\/wp\/v2\/posts\/16846\/revisions"}],"wp:featuredmedia":[{"embeddable":true,"href":"https:\/\/www.prohuis.nl\/fr\/wp-json\/wp\/v2\/media\/11230"}],"wp:attachment":[{"href":"https:\/\/www.prohuis.nl\/fr\/wp-json\/wp\/v2\/media?parent=16846"}],"wp:term":[{"taxonomy":"category","embeddable":true,"href":"https:\/\/www.prohuis.nl\/fr\/wp-json\/wp\/v2\/categories?post=16846"},{"taxonomy":"post_tag","embeddable":true,"href":"https:\/\/www.prohuis.nl\/fr\/wp-json\/wp\/v2\/tags?post=16846"}],"curies":[{"name":"wp","href":"https:\/\/api.w.org\/{rel}","templated":true}]}}