{"id":16728,"date":"2018-06-01T15:25:31","date_gmt":"2018-06-01T13:25:31","guid":{"rendered":"https:\/\/prohuis.nl\/nouveau-en-developpement\/"},"modified":"2018-06-01T15:25:31","modified_gmt":"2018-06-01T13:25:31","slug":"nouveau-en-developpement","status":"publish","type":"post","link":"https:\/\/www.prohuis.nl\/fr\/nouveau-en-developpement\/","title":{"rendered":"\u00ab\u00a0NOUVEAU EN D\u00c9VELOPPEMENT\u00a0\u00bb"},"content":{"rendered":"<p>Nous sommes occup\u00e9s \u00e0 pr\u00e9parer la phase 1 du nouveau centre d&rsquo;affaires qui sera d\u00e9velopp\u00e9 \u00e0 Ambachtsezoom \u00e0 Hendrik Ido Ambacht. En collaboration avec la municipalit\u00e9, nous travaillons \u00e0 une image de haute qualit\u00e9 et de durabilit\u00e9. Par exemple, les b\u00e2timents seront \u00e9quip\u00e9s de toits et de fa\u00e7ades verts et de panneaux solaires. Vous \u00eates int\u00e9ress\u00e9 par une unit\u00e9 d&rsquo;affaires\/bureau ? Si c&rsquo;est le cas, inscrivez-vous sur j.vanderpas@prohuis.nl.<\/p>\n<p><img fetchpriority=\"high\" decoding=\"async\" class=\"alignnone size-large wp-image-2605\" src=\"http:\/\/prohuis.nl\/wp-content\/uploads\/2018\/06\/vogelvlucht-AZ1.jpg\" alt=\"\" width=\"1030\" height=\"677\" srcset=\"https:\/\/www.prohuis.nl\/wp-content\/uploads\/2018\/06\/vogelvlucht-AZ1.jpg 1644w, https:\/\/www.prohuis.nl\/wp-content\/uploads\/2018\/06\/vogelvlucht-AZ1-300x197.jpg 300w, https:\/\/www.prohuis.nl\/wp-content\/uploads\/2018\/06\/vogelvlucht-AZ1-1024x673.jpg 1024w, https:\/\/www.prohuis.nl\/wp-content\/uploads\/2018\/06\/vogelvlucht-AZ1-768x505.jpg 768w, https:\/\/www.prohuis.nl\/wp-content\/uploads\/2018\/06\/vogelvlucht-AZ1-1536x1009.jpg 1536w\" sizes=\"(max-width: 1030px) 100vw, 1030px\" \/><\/p>\n","protected":false},"excerpt":{"rendered":"<p>Nous sommes occup\u00e9s \u00e0 pr\u00e9parer la phase 1 du nouveau centre d&rsquo;affaires qui sera d\u00e9velopp\u00e9 \u00e0 Ambachtsezoom \u00e0 Hendrik Ido Ambacht. En collaboration avec la municipalit\u00e9, nous travaillons \u00e0 une image de haute qualit\u00e9 et de durabilit\u00e9. Par exemple, les b\u00e2timents seront \u00e9quip\u00e9s de toits et de fa\u00e7ades verts et de panneaux solaires. Vous \u00eates &#8230; <a title=\"\u00ab\u00a0NOUVEAU EN D\u00c9VELOPPEMENT\u00a0\u00bb\" class=\"read-more\" href=\"https:\/\/www.prohuis.nl\/fr\/nouveau-en-developpement\/\" aria-label=\"En savoir plus sur \u00ab\u00a0NOUVEAU EN D\u00c9VELOPPEMENT\u00a0\u00bb\">Lire la suite<\/a><\/p>\n","protected":false},"author":1,"featured_media":11474,"comment_status":"closed","ping_status":"closed","sticky":false,"template":"","format":"standard","meta":{"footnotes":""},"categories":[32],"tags":[],"class_list":["post-16728","post","type-post","status-publish","format-standard","has-post-thumbnail","hentry","category-nouvelles"],"_links":{"self":[{"href":"https:\/\/www.prohuis.nl\/fr\/wp-json\/wp\/v2\/posts\/16728","targetHints":{"allow":["GET"]}}],"collection":[{"href":"https:\/\/www.prohuis.nl\/fr\/wp-json\/wp\/v2\/posts"}],"about":[{"href":"https:\/\/www.prohuis.nl\/fr\/wp-json\/wp\/v2\/types\/post"}],"author":[{"embeddable":true,"href":"https:\/\/www.prohuis.nl\/fr\/wp-json\/wp\/v2\/users\/1"}],"replies":[{"embeddable":true,"href":"https:\/\/www.prohuis.nl\/fr\/wp-json\/wp\/v2\/comments?post=16728"}],"version-history":[{"count":0,"href":"https:\/\/www.prohuis.nl\/fr\/wp-json\/wp\/v2\/posts\/16728\/revisions"}],"wp:featuredmedia":[{"embeddable":true,"href":"https:\/\/www.prohuis.nl\/fr\/wp-json\/wp\/v2\/media\/11474"}],"wp:attachment":[{"href":"https:\/\/www.prohuis.nl\/fr\/wp-json\/wp\/v2\/media?parent=16728"}],"wp:term":[{"taxonomy":"category","embeddable":true,"href":"https:\/\/www.prohuis.nl\/fr\/wp-json\/wp\/v2\/categories?post=16728"},{"taxonomy":"post_tag","embeddable":true,"href":"https:\/\/www.prohuis.nl\/fr\/wp-json\/wp\/v2\/tags?post=16728"}],"curies":[{"name":"wp","href":"https:\/\/api.w.org\/{rel}","templated":true}]}}