{"id":16718,"date":"2018-06-08T09:37:38","date_gmt":"2018-06-08T07:37:38","guid":{"rendered":"https:\/\/prohuis.nl\/unite-vendue-dans-la-florijnstraat-a-ridderkerk\/"},"modified":"2018-06-08T09:37:38","modified_gmt":"2018-06-08T07:37:38","slug":"unite-vendue-dans-la-florijnstraat-a-ridderkerk","status":"publish","type":"post","link":"https:\/\/www.prohuis.nl\/fr\/unite-vendue-dans-la-florijnstraat-a-ridderkerk\/","title":{"rendered":"Unit\u00e9 vendue dans la Florijnstraat \u00e0 Ridderkerk"},"content":{"rendered":"<p><span id=\"ember5415\" class=\"ember-view\">Une autre unit\u00e9 a \u00e9t\u00e9 vendue dans la Florijnstraat \u00e0 Ridderkerk. F\u00e9licitations  <\/span><a id=\"ember5419\" class=\"tap-target feed-shared-text-view__mention ember-view\" href=\"https:\/\/www.linkedin.com\/in\/ACoAAANsvWkBou7Q-7gn8MQ2dCN24IGImoIiB40\/\" target=\"_self\" rel=\"noopener noreferrer\"><br \/>\n  <span data-entity-hovercard-id=\"urn:li:fs_miniProfile:ACoAAANsvWkBou7Q-7gn8MQ2dCN24IGImoIiB40\">Sander van der Made<\/span><br \/>\n<\/a><span id=\"ember5423\" class=\"ember-view\"> avec vos nouveaux locaux ! <\/span><a id=\"ember5427\" class=\"tap-target feed-shared-text-view__mention ember-view\" href=\"https:\/\/www.linkedin.com\/company\/1179022\/\" target=\"_self\" rel=\"noopener noreferrer\"><br \/>\n  <span data-entity-hovercard-id=\"urn:li:fs_miniCompany:1179022\">Gritco Equipment BV<\/span><br \/>\n<\/a><span id=\"ember5431\" class=\"ember-view\">  Con\u00e7oit et fabrique des \u00e9quipements de dynamitage. Merci  <\/span><a id=\"ember5435\" class=\"tap-target feed-shared-text-view__mention ember-view\" href=\"https:\/\/www.linkedin.com\/in\/ACoAAAOwPkYBtQOyDKVKbWN_gzJGwKyuDJMpuuY\/\" target=\"_self\" rel=\"noopener noreferrer\"><br \/>\n  <span data-entity-hovercard-id=\"urn:li:fs_miniProfile:ACoAAAOwPkYBtQOyDKVKbWN_gzJGwKyuDJMpuuY\">John Zandbergen<\/span><br \/>\n<\/a><span id=\"ember5439\" class=\"ember-view\"> Pour les conseils ! <\/span> <\/p>\n<p><img fetchpriority=\"high\" decoding=\"async\" class=\"alignnone size-large wp-image-2701\" src=\"http:\/\/prohuis.nl\/wp-content\/uploads\/2018\/06\/34618113_1962795067085010_6392691291154546688_n.jpg\" alt=\"\" width=\"1030\" height=\"773\" srcset=\"https:\/\/www.prohuis.nl\/wp-content\/uploads\/2018\/06\/34618113_1962795067085010_6392691291154546688_n.jpg 1440w, https:\/\/www.prohuis.nl\/wp-content\/uploads\/2018\/06\/34618113_1962795067085010_6392691291154546688_n-300x225.jpg 300w, https:\/\/www.prohuis.nl\/wp-content\/uploads\/2018\/06\/34618113_1962795067085010_6392691291154546688_n-1024x768.jpg 1024w, https:\/\/www.prohuis.nl\/wp-content\/uploads\/2018\/06\/34618113_1962795067085010_6392691291154546688_n-768x576.jpg 768w\" sizes=\"(max-width: 1030px) 100vw, 1030px\" \/><\/p>\n<p><img decoding=\"async\" class=\"alignnone size-large wp-image-2702\" src=\"http:\/\/prohuis.nl\/wp-content\/uploads\/2018\/06\/563_1440.jpg\" alt=\"\" width=\"1030\" height=\"475\" srcset=\"https:\/\/www.prohuis.nl\/wp-content\/uploads\/2018\/06\/563_1440.jpg 1320w, https:\/\/www.prohuis.nl\/wp-content\/uploads\/2018\/06\/563_1440-300x138.jpg 300w, https:\/\/www.prohuis.nl\/wp-content\/uploads\/2018\/06\/563_1440-1024x472.jpg 1024w, https:\/\/www.prohuis.nl\/wp-content\/uploads\/2018\/06\/563_1440-768x354.jpg 768w\" sizes=\"(max-width: 1030px) 100vw, 1030px\" \/><\/p>\n","protected":false},"excerpt":{"rendered":"<p>Une autre unit\u00e9 a \u00e9t\u00e9 vendue dans la Florijnstraat \u00e0 Ridderkerk. F\u00e9licitations Sander van der Made avec vos nouveaux locaux ! Gritco Equipment BV Con\u00e7oit et fabrique des \u00e9quipements de dynamitage. Merci John Zandbergen Pour les conseils !<\/p>\n","protected":false},"author":1,"featured_media":11486,"comment_status":"closed","ping_status":"closed","sticky":false,"template":"","format":"standard","meta":{"footnotes":""},"categories":[32],"tags":[],"class_list":["post-16718","post","type-post","status-publish","format-standard","has-post-thumbnail","hentry","category-nouvelles"],"_links":{"self":[{"href":"https:\/\/www.prohuis.nl\/fr\/wp-json\/wp\/v2\/posts\/16718","targetHints":{"allow":["GET"]}}],"collection":[{"href":"https:\/\/www.prohuis.nl\/fr\/wp-json\/wp\/v2\/posts"}],"about":[{"href":"https:\/\/www.prohuis.nl\/fr\/wp-json\/wp\/v2\/types\/post"}],"author":[{"embeddable":true,"href":"https:\/\/www.prohuis.nl\/fr\/wp-json\/wp\/v2\/users\/1"}],"replies":[{"embeddable":true,"href":"https:\/\/www.prohuis.nl\/fr\/wp-json\/wp\/v2\/comments?post=16718"}],"version-history":[{"count":0,"href":"https:\/\/www.prohuis.nl\/fr\/wp-json\/wp\/v2\/posts\/16718\/revisions"}],"wp:featuredmedia":[{"embeddable":true,"href":"https:\/\/www.prohuis.nl\/fr\/wp-json\/wp\/v2\/media\/11486"}],"wp:attachment":[{"href":"https:\/\/www.prohuis.nl\/fr\/wp-json\/wp\/v2\/media?parent=16718"}],"wp:term":[{"taxonomy":"category","embeddable":true,"href":"https:\/\/www.prohuis.nl\/fr\/wp-json\/wp\/v2\/categories?post=16718"},{"taxonomy":"post_tag","embeddable":true,"href":"https:\/\/www.prohuis.nl\/fr\/wp-json\/wp\/v2\/tags?post=16718"}],"curies":[{"name":"wp","href":"https:\/\/api.w.org\/{rel}","templated":true}]}}