{"id":16705,"date":"2018-07-12T10:35:30","date_gmt":"2018-07-12T08:35:30","guid":{"rendered":"https:\/\/prohuis.nl\/feu-vert-pour-le-parc-dactivites-sans-gaz-naturel-ambachtsezoom\/"},"modified":"2018-07-12T10:35:30","modified_gmt":"2018-07-12T08:35:30","slug":"feu-vert-pour-le-parc-dactivites-sans-gaz-naturel-ambachtsezoom","status":"publish","type":"post","link":"https:\/\/www.prohuis.nl\/fr\/feu-vert-pour-le-parc-dactivites-sans-gaz-naturel-ambachtsezoom\/","title":{"rendered":"Feu vert pour le parc d&rsquo;activit\u00e9s sans gaz naturel Ambachtsezoom"},"content":{"rendered":"<h1>lumi\u00e8re verte Ambachtsezoom<\/h1>\n<div class=\"standardText\">\n<p><strong>Le Conseil d&rsquo;\u00c9tat a statu\u00e9 le mercredi 11 juillet sur le plan de zonage Bedrijvenpark Ambachtsezoom. La municipalit\u00e9 a re\u00e7u le feu vert pour ce parc d&rsquo;activit\u00e9s circulaire, qui sera le premier parc d&rsquo;activit\u00e9s sans gaz naturel des Pays-Bas.<\/strong><\/p>\n<p>Andr\u00e9 Flach, \u00e9chevin de l&rsquo;\u00e9conomie : \u00ab\u00a0Nous sommes tr\u00e8s heureux de ce jugement. Ce parc d&rsquo;activit\u00e9s est important pour notre municipalit\u00e9 : il est synonyme de croissance \u00e9conomique et d&#8217;emploi. Il y a de la place pour 30 \u00e0 50 entreprises, cr\u00e9ant 450 \u00e0 750 emplois !\u00a0\u00bb<\/p>\n<p><strong>investir dans un avenir durable<\/strong><br \/>\nLe plan de zonage d&rsquo;Ambachtsezoom est entr\u00e9 en vigueur, et n\u00e9cessite quelques ajustements mineurs. La municipalit\u00e9 commencera \u00e0 poser des couches pr\u00e9alables et \u00e0 pr\u00e9parer la zone pour la construction apr\u00e8s les vacances d&rsquo;\u00e9t\u00e9.<\/p>\n<p>Plus t\u00f4t, en 2015, le plan de zonage d&rsquo;Ambachtsezoom avait encore \u00e9t\u00e9 rejet\u00e9 par le Conseil d&rsquo;\u00c9tat. Cela a caus\u00e9 un certain retard. Conseiller Flach : \u00ab\u00a0Nous avons bien utilis\u00e9 ce temps. Le plan est d\u00e9sormais plus durable et circulaire. Bien s\u00fbr, nous optons pour l&rsquo;absence de gaz naturel. Et nous appliquerons les derniers d\u00e9veloppements dans le domaine circulaire. C&rsquo;est tr\u00e8s int\u00e9ressant pour les entrepreneurs qui veulent investir dans un avenir durable\u00a0\u00bb.<\/p>\n<p><strong>circulaire et sans gaz naturel<\/strong><\/p>\n<p>Ambachtsezoom est un parc d&rsquo;affaires de 15 hectares, facilement accessible gr\u00e2ce \u00e0 sa situation sur l&rsquo;A16 et \u00e0 proximit\u00e9 de l&rsquo;autoroute A15. Il s&rsquo;agit d&rsquo;un syst\u00e8me \u00e0 petite \u00e9chelle, neutre sur le plan \u00e9nerg\u00e9tique et sans gaz naturel. Tous les mat\u00e9riaux des b\u00e2timents, des routes et des espaces publics sont recyclables. Des solutions collectives innovantes pour l&rsquo;\u00e9nergie, l&rsquo;eau et les mat\u00e9riaux minimisent l&#8217;empreinte \u00e9cologique du parc et de ses entreprises. Tout ce qui a de la valeur reste dans la r\u00e9gion autant que possible. Par exemple, l&rsquo;utilisation de l&rsquo;eau de pluie pour le refroidissement, la conversion de l&rsquo;\u00e9nergie solaire en \u00e9lectricit\u00e9 et peut-\u00eatre m\u00eame l&rsquo;utilisation des d\u00e9chets de l&rsquo;un comme mati\u00e8re premi\u00e8re pr\u00e9cieuse pour un autre. Il y aura un service complet de gestion du parc.<\/p>\n<p>(source : https:\/\/www.h-i-ambacht.nl\/nieuws\/groen-licht-ambachtsezoom)<\/p>\n<\/div>\n<h5>Prohuis est en train de pr\u00e9parer deux b\u00e2timents multi-entreprises dans le nouveau parc d&rsquo;affaires Ambachtsezoom &#8211; voir les premi\u00e8res images ci-dessous.<\/h5>\n<p><img fetchpriority=\"high\" decoding=\"async\" class=\"alignnone size-large wp-image-2671\" src=\"http:\/\/prohuis.nl\/wp-content\/uploads\/2018\/06\/3.jpg\" alt=\"\" width=\"1030\" height=\"677\" srcset=\"https:\/\/www.prohuis.nl\/wp-content\/uploads\/2018\/06\/3.jpg 1644w, https:\/\/www.prohuis.nl\/wp-content\/uploads\/2018\/06\/3-300x197.jpg 300w, https:\/\/www.prohuis.nl\/wp-content\/uploads\/2018\/06\/3-1024x673.jpg 1024w, https:\/\/www.prohuis.nl\/wp-content\/uploads\/2018\/06\/3-768x505.jpg 768w, https:\/\/www.prohuis.nl\/wp-content\/uploads\/2018\/06\/3-1536x1009.jpg 1536w\" sizes=\"(max-width: 1030px) 100vw, 1030px\" \/><\/p>\n<p><img decoding=\"async\" class=\"alignnone size-large wp-image-2766\" src=\"http:\/\/prohuis.nl\/wp-content\/uploads\/2018\/06\/06-cam2.jpg\" alt=\"\" width=\"1030\" height=\"728\" srcset=\"https:\/\/www.prohuis.nl\/wp-content\/uploads\/2018\/06\/06-cam2.jpg 1529w, https:\/\/www.prohuis.nl\/wp-content\/uploads\/2018\/06\/06-cam2-300x212.jpg 300w, https:\/\/www.prohuis.nl\/wp-content\/uploads\/2018\/06\/06-cam2-1024x723.jpg 1024w, https:\/\/www.prohuis.nl\/wp-content\/uploads\/2018\/06\/06-cam2-768x542.jpg 768w\" sizes=\"(max-width: 1030px) 100vw, 1030px\" \/><\/p>\n","protected":false},"excerpt":{"rendered":"<p>lumi\u00e8re verte Ambachtsezoom Le Conseil d&rsquo;\u00c9tat a statu\u00e9 le mercredi 11 juillet sur le plan de zonage Bedrijvenpark Ambachtsezoom. La municipalit\u00e9 a re\u00e7u le feu vert pour ce parc d&rsquo;activit\u00e9s circulaire, qui sera le premier parc d&rsquo;activit\u00e9s sans gaz naturel des Pays-Bas. Andr\u00e9 Flach, \u00e9chevin de l&rsquo;\u00e9conomie : \u00ab\u00a0Nous sommes tr\u00e8s heureux de ce jugement. &#8230; <a title=\"Feu vert pour le parc d&rsquo;activit\u00e9s sans gaz naturel Ambachtsezoom\" class=\"read-more\" href=\"https:\/\/www.prohuis.nl\/fr\/feu-vert-pour-le-parc-dactivites-sans-gaz-naturel-ambachtsezoom\/\" aria-label=\"En savoir plus sur Feu vert pour le parc d&rsquo;activit\u00e9s sans gaz naturel Ambachtsezoom\">Lire la suite<\/a><\/p>\n","protected":false},"author":1,"featured_media":11476,"comment_status":"closed","ping_status":"closed","sticky":false,"template":"","format":"standard","meta":{"footnotes":""},"categories":[32],"tags":[],"class_list":["post-16705","post","type-post","status-publish","format-standard","has-post-thumbnail","hentry","category-nouvelles"],"_links":{"self":[{"href":"https:\/\/www.prohuis.nl\/fr\/wp-json\/wp\/v2\/posts\/16705","targetHints":{"allow":["GET"]}}],"collection":[{"href":"https:\/\/www.prohuis.nl\/fr\/wp-json\/wp\/v2\/posts"}],"about":[{"href":"https:\/\/www.prohuis.nl\/fr\/wp-json\/wp\/v2\/types\/post"}],"author":[{"embeddable":true,"href":"https:\/\/www.prohuis.nl\/fr\/wp-json\/wp\/v2\/users\/1"}],"replies":[{"embeddable":true,"href":"https:\/\/www.prohuis.nl\/fr\/wp-json\/wp\/v2\/comments?post=16705"}],"version-history":[{"count":0,"href":"https:\/\/www.prohuis.nl\/fr\/wp-json\/wp\/v2\/posts\/16705\/revisions"}],"wp:featuredmedia":[{"embeddable":true,"href":"https:\/\/www.prohuis.nl\/fr\/wp-json\/wp\/v2\/media\/11476"}],"wp:attachment":[{"href":"https:\/\/www.prohuis.nl\/fr\/wp-json\/wp\/v2\/media?parent=16705"}],"wp:term":[{"taxonomy":"category","embeddable":true,"href":"https:\/\/www.prohuis.nl\/fr\/wp-json\/wp\/v2\/categories?post=16705"},{"taxonomy":"post_tag","embeddable":true,"href":"https:\/\/www.prohuis.nl\/fr\/wp-json\/wp\/v2\/tags?post=16705"}],"curies":[{"name":"wp","href":"https:\/\/api.w.org\/{rel}","templated":true}]}}