{"id":16679,"date":"2018-09-18T10:38:41","date_gmt":"2018-09-18T08:38:41","guid":{"rendered":"https:\/\/prohuis.nl\/journee-portes-ouvertes-au-centre-daffaires-de-zundert\/"},"modified":"2018-09-18T10:38:41","modified_gmt":"2018-09-18T08:38:41","slug":"journee-portes-ouvertes-au-centre-daffaires-de-zundert","status":"publish","type":"post","link":"https:\/\/www.prohuis.nl\/fr\/journee-portes-ouvertes-au-centre-daffaires-de-zundert\/","title":{"rendered":"Journ\u00e9e portes ouvertes au centre d&rsquo;affaires de Zundert !"},"content":{"rendered":"<p>Une journ\u00e9e portes ouvertes aura lieu entre 17h00 et 19h30 le mardi 25 septembre \u00e0 Zundert. Au total, 18 unit\u00e9s commerciales ont \u00e9t\u00e9 achev\u00e9es, dont certaines sont encore \u00e0 vendre ou \u00e0 louer. Vous \u00eates les bienvenus.<\/p>\n<p><img fetchpriority=\"high\" decoding=\"async\" class=\"alignnone size-large wp-image-2946\" src=\"http:\/\/prohuis.nl\/wp-content\/uploads\/2018\/09\/advertentie_molenzicht-2.jpg\" alt=\"\" width=\"1030\" height=\"780\" srcset=\"https:\/\/www.prohuis.nl\/wp-content\/uploads\/2018\/09\/advertentie_molenzicht-2.jpg 1425w, https:\/\/www.prohuis.nl\/wp-content\/uploads\/2018\/09\/advertentie_molenzicht-2-300x227.jpg 300w, https:\/\/www.prohuis.nl\/wp-content\/uploads\/2018\/09\/advertentie_molenzicht-2-1024x776.jpg 1024w, https:\/\/www.prohuis.nl\/wp-content\/uploads\/2018\/09\/advertentie_molenzicht-2-768x582.jpg 768w\" sizes=\"(max-width: 1030px) 100vw, 1030px\" \/><\/p>\n","protected":false},"excerpt":{"rendered":"<p>Une journ\u00e9e portes ouvertes aura lieu entre 17h00 et 19h30 le mardi 25 septembre \u00e0 Zundert. Au total, 18 unit\u00e9s commerciales ont \u00e9t\u00e9 achev\u00e9es, dont certaines sont encore \u00e0 vendre ou \u00e0 louer. Vous \u00eates les bienvenus.<\/p>\n","protected":false},"author":1,"featured_media":11514,"comment_status":"closed","ping_status":"closed","sticky":false,"template":"","format":"standard","meta":{"footnotes":""},"categories":[32],"tags":[],"class_list":["post-16679","post","type-post","status-publish","format-standard","has-post-thumbnail","hentry","category-nouvelles"],"_links":{"self":[{"href":"https:\/\/www.prohuis.nl\/fr\/wp-json\/wp\/v2\/posts\/16679","targetHints":{"allow":["GET"]}}],"collection":[{"href":"https:\/\/www.prohuis.nl\/fr\/wp-json\/wp\/v2\/posts"}],"about":[{"href":"https:\/\/www.prohuis.nl\/fr\/wp-json\/wp\/v2\/types\/post"}],"author":[{"embeddable":true,"href":"https:\/\/www.prohuis.nl\/fr\/wp-json\/wp\/v2\/users\/1"}],"replies":[{"embeddable":true,"href":"https:\/\/www.prohuis.nl\/fr\/wp-json\/wp\/v2\/comments?post=16679"}],"version-history":[{"count":0,"href":"https:\/\/www.prohuis.nl\/fr\/wp-json\/wp\/v2\/posts\/16679\/revisions"}],"wp:featuredmedia":[{"embeddable":true,"href":"https:\/\/www.prohuis.nl\/fr\/wp-json\/wp\/v2\/media\/11514"}],"wp:attachment":[{"href":"https:\/\/www.prohuis.nl\/fr\/wp-json\/wp\/v2\/media?parent=16679"}],"wp:term":[{"taxonomy":"category","embeddable":true,"href":"https:\/\/www.prohuis.nl\/fr\/wp-json\/wp\/v2\/categories?post=16679"},{"taxonomy":"post_tag","embeddable":true,"href":"https:\/\/www.prohuis.nl\/fr\/wp-json\/wp\/v2\/tags?post=16679"}],"curies":[{"name":"wp","href":"https:\/\/api.w.org\/{rel}","templated":true}]}}