{"id":16577,"date":"2019-08-29T15:30:15","date_gmt":"2019-08-29T13:30:15","guid":{"rendered":"https:\/\/prohuis.nl\/progress-cornelisland-phase-34\/"},"modified":"2022-10-17T18:10:57","modified_gmt":"2022-10-17T16:10:57","slug":"progress-cornelisland-phase-34","status":"publish","type":"post","link":"https:\/\/www.prohuis.nl\/fr\/progress-cornelisland-phase-34\/","title":{"rendered":"Progress Cornelisland Phase 3&amp;4"},"content":{"rendered":"<p>Progress Cornelisland Phase 3&amp;4 | Apr\u00e8s la phase 3, les fondations de la phase 4 \u00e0 Ridderkerk sont coul\u00e9es aujourd&rsquo;hui. Quelques unit\u00e9s sont encore disponibles \u00e0 la location. Pour plus d&rsquo;informations, contactez Pieter Molenaar de Molenaar Bedrijfshuisvesting ou Maurice Van de Kamp de &lsquo;t GoeieHuys.<\/p>\n<p><img fetchpriority=\"high\" decoding=\"async\" class=\"alignnone size-large wp-image-4029\" src=\"http:\/\/prohuis.nl\/wp-content\/uploads\/2019\/08\/1-1.jpg\" alt=\"\" width=\"1030\" height=\"772\" srcset=\"https:\/\/www.prohuis.nl\/wp-content\/uploads\/2019\/08\/1-1.jpg 1478w, https:\/\/www.prohuis.nl\/wp-content\/uploads\/2019\/08\/1-1-300x225.jpg 300w, https:\/\/www.prohuis.nl\/wp-content\/uploads\/2019\/08\/1-1-1024x768.jpg 1024w, https:\/\/www.prohuis.nl\/wp-content\/uploads\/2019\/08\/1-1-768x576.jpg 768w\" sizes=\"(max-width: 1030px) 100vw, 1030px\" \/><\/p>\n<p><img decoding=\"async\" class=\"alignnone size-large wp-image-4030\" src=\"http:\/\/prohuis.nl\/wp-content\/uploads\/2019\/08\/2-1.jpg\" alt=\"\" width=\"1030\" height=\"772\" srcset=\"https:\/\/www.prohuis.nl\/wp-content\/uploads\/2019\/08\/2-1.jpg 1478w, https:\/\/www.prohuis.nl\/wp-content\/uploads\/2019\/08\/2-1-300x225.jpg 300w, https:\/\/www.prohuis.nl\/wp-content\/uploads\/2019\/08\/2-1-1024x768.jpg 1024w, https:\/\/www.prohuis.nl\/wp-content\/uploads\/2019\/08\/2-1-768x576.jpg 768w\" sizes=\"(max-width: 1030px) 100vw, 1030px\" \/><\/p>\n<p><img decoding=\"async\" class=\"alignnone size-large wp-image-4031\" src=\"http:\/\/prohuis.nl\/wp-content\/uploads\/2019\/08\/3-1.jpg\" alt=\"\" width=\"1030\" height=\"772\" srcset=\"https:\/\/www.prohuis.nl\/wp-content\/uploads\/2019\/08\/3-1.jpg 1478w, https:\/\/www.prohuis.nl\/wp-content\/uploads\/2019\/08\/3-1-300x225.jpg 300w, https:\/\/www.prohuis.nl\/wp-content\/uploads\/2019\/08\/3-1-1024x768.jpg 1024w, https:\/\/www.prohuis.nl\/wp-content\/uploads\/2019\/08\/3-1-768x576.jpg 768w\" sizes=\"(max-width: 1030px) 100vw, 1030px\" \/><\/p>\n","protected":false},"excerpt":{"rendered":"<p>Progress Cornelisland Phase 3&amp;4 | Apr\u00e8s la phase 3, les fondations de la phase 4 \u00e0 Ridderkerk sont coul\u00e9es aujourd&rsquo;hui. Quelques unit\u00e9s sont encore disponibles \u00e0 la location. Pour plus d&rsquo;informations, contactez Pieter Molenaar de Molenaar Bedrijfshuisvesting ou Maurice Van de Kamp de &lsquo;t GoeieHuys.<\/p>\n","protected":false},"author":1,"featured_media":11616,"comment_status":"closed","ping_status":"closed","sticky":false,"template":"","format":"standard","meta":{"footnotes":""},"categories":[32],"tags":[],"class_list":["post-16577","post","type-post","status-publish","format-standard","has-post-thumbnail","hentry","category-nouvelles"],"_links":{"self":[{"href":"https:\/\/www.prohuis.nl\/fr\/wp-json\/wp\/v2\/posts\/16577","targetHints":{"allow":["GET"]}}],"collection":[{"href":"https:\/\/www.prohuis.nl\/fr\/wp-json\/wp\/v2\/posts"}],"about":[{"href":"https:\/\/www.prohuis.nl\/fr\/wp-json\/wp\/v2\/types\/post"}],"author":[{"embeddable":true,"href":"https:\/\/www.prohuis.nl\/fr\/wp-json\/wp\/v2\/users\/1"}],"replies":[{"embeddable":true,"href":"https:\/\/www.prohuis.nl\/fr\/wp-json\/wp\/v2\/comments?post=16577"}],"version-history":[{"count":1,"href":"https:\/\/www.prohuis.nl\/fr\/wp-json\/wp\/v2\/posts\/16577\/revisions"}],"predecessor-version":[{"id":16580,"href":"https:\/\/www.prohuis.nl\/fr\/wp-json\/wp\/v2\/posts\/16577\/revisions\/16580"}],"wp:featuredmedia":[{"embeddable":true,"href":"https:\/\/www.prohuis.nl\/fr\/wp-json\/wp\/v2\/media\/11616"}],"wp:attachment":[{"href":"https:\/\/www.prohuis.nl\/fr\/wp-json\/wp\/v2\/media?parent=16577"}],"wp:term":[{"taxonomy":"category","embeddable":true,"href":"https:\/\/www.prohuis.nl\/fr\/wp-json\/wp\/v2\/categories?post=16577"},{"taxonomy":"post_tag","embeddable":true,"href":"https:\/\/www.prohuis.nl\/fr\/wp-json\/wp\/v2\/tags?post=16577"}],"curies":[{"name":"wp","href":"https:\/\/api.w.org\/{rel}","templated":true}]}}