{"id":16541,"date":"2019-11-06T08:52:13","date_gmt":"2019-11-06T07:52:13","guid":{"rendered":"https:\/\/prohuis.nl\/construction-metallique-phase-3-4-ridderkerk\/"},"modified":"2022-10-17T18:07:41","modified_gmt":"2022-10-17T16:07:41","slug":"construction-metallique-phase-3-4-ridderkerk","status":"publish","type":"post","link":"https:\/\/www.prohuis.nl\/fr\/construction-metallique-phase-3-4-ridderkerk\/","title":{"rendered":"Construction m\u00e9tallique Phase 3 &amp; 4 Ridderkerk"},"content":{"rendered":"<p>\u00c0 Ridderkerk, Reijrink Staalconstructie b.v. a rapidement \u00e9rig\u00e9 la structure en acier des 3e et 4e phases de ce b\u00e2timent commercial \u00e0 locataires multiples. Le bloc 3 sera pr\u00eat cette semaine, apr\u00e8s quoi le bloc 4 sera lanc\u00e9.<\/p>\n<p><img fetchpriority=\"high\" decoding=\"async\" class=\"alignnone size-large wp-image-4166\" src=\"http:\/\/prohuis.nl\/wp-content\/uploads\/2019\/11\/1.jpg\" alt=\"\" width=\"1030\" height=\"772\" srcset=\"https:\/\/www.prohuis.nl\/wp-content\/uploads\/2019\/11\/1.jpg 1478w, https:\/\/www.prohuis.nl\/wp-content\/uploads\/2019\/11\/1-300x225.jpg 300w, https:\/\/www.prohuis.nl\/wp-content\/uploads\/2019\/11\/1-1024x768.jpg 1024w, https:\/\/www.prohuis.nl\/wp-content\/uploads\/2019\/11\/1-768x576.jpg 768w\" sizes=\"(max-width: 1030px) 100vw, 1030px\" \/><\/p>\n<p><img decoding=\"async\" class=\"alignnone size-large wp-image-4167\" src=\"http:\/\/prohuis.nl\/wp-content\/uploads\/2019\/11\/2.jpg\" alt=\"\" width=\"1030\" height=\"772\" srcset=\"https:\/\/www.prohuis.nl\/wp-content\/uploads\/2019\/11\/2.jpg 1478w, https:\/\/www.prohuis.nl\/wp-content\/uploads\/2019\/11\/2-300x225.jpg 300w, https:\/\/www.prohuis.nl\/wp-content\/uploads\/2019\/11\/2-1024x768.jpg 1024w, https:\/\/www.prohuis.nl\/wp-content\/uploads\/2019\/11\/2-768x576.jpg 768w\" sizes=\"(max-width: 1030px) 100vw, 1030px\" \/><\/p>\n<p><img decoding=\"async\" class=\"alignnone size-large wp-image-4168\" src=\"http:\/\/prohuis.nl\/wp-content\/uploads\/2019\/11\/3.jpg\" alt=\"\" width=\"1030\" height=\"772\" srcset=\"https:\/\/www.prohuis.nl\/wp-content\/uploads\/2019\/11\/3.jpg 1478w, https:\/\/www.prohuis.nl\/wp-content\/uploads\/2019\/11\/3-300x225.jpg 300w, https:\/\/www.prohuis.nl\/wp-content\/uploads\/2019\/11\/3-1024x768.jpg 1024w, https:\/\/www.prohuis.nl\/wp-content\/uploads\/2019\/11\/3-768x576.jpg 768w\" sizes=\"(max-width: 1030px) 100vw, 1030px\" \/><\/p>\n","protected":false},"excerpt":{"rendered":"<p>\u00c0 Ridderkerk, Reijrink Staalconstructie b.v. a rapidement \u00e9rig\u00e9 la structure en acier des 3e et 4e phases de ce b\u00e2timent commercial \u00e0 locataires multiples. Le bloc 3 sera pr\u00eat cette semaine, apr\u00e8s quoi le bloc 4 sera lanc\u00e9.<\/p>\n","protected":false},"author":1,"featured_media":11652,"comment_status":"closed","ping_status":"closed","sticky":false,"template":"","format":"standard","meta":{"footnotes":""},"categories":[32],"tags":[],"class_list":["post-16541","post","type-post","status-publish","format-standard","has-post-thumbnail","hentry","category-nouvelles"],"_links":{"self":[{"href":"https:\/\/www.prohuis.nl\/fr\/wp-json\/wp\/v2\/posts\/16541","targetHints":{"allow":["GET"]}}],"collection":[{"href":"https:\/\/www.prohuis.nl\/fr\/wp-json\/wp\/v2\/posts"}],"about":[{"href":"https:\/\/www.prohuis.nl\/fr\/wp-json\/wp\/v2\/types\/post"}],"author":[{"embeddable":true,"href":"https:\/\/www.prohuis.nl\/fr\/wp-json\/wp\/v2\/users\/1"}],"replies":[{"embeddable":true,"href":"https:\/\/www.prohuis.nl\/fr\/wp-json\/wp\/v2\/comments?post=16541"}],"version-history":[{"count":1,"href":"https:\/\/www.prohuis.nl\/fr\/wp-json\/wp\/v2\/posts\/16541\/revisions"}],"predecessor-version":[{"id":16542,"href":"https:\/\/www.prohuis.nl\/fr\/wp-json\/wp\/v2\/posts\/16541\/revisions\/16542"}],"wp:featuredmedia":[{"embeddable":true,"href":"https:\/\/www.prohuis.nl\/fr\/wp-json\/wp\/v2\/media\/11652"}],"wp:attachment":[{"href":"https:\/\/www.prohuis.nl\/fr\/wp-json\/wp\/v2\/media?parent=16541"}],"wp:term":[{"taxonomy":"category","embeddable":true,"href":"https:\/\/www.prohuis.nl\/fr\/wp-json\/wp\/v2\/categories?post=16541"},{"taxonomy":"post_tag","embeddable":true,"href":"https:\/\/www.prohuis.nl\/fr\/wp-json\/wp\/v2\/tags?post=16541"}],"curies":[{"name":"wp","href":"https:\/\/api.w.org\/{rel}","templated":true}]}}