{"id":16531,"date":"2019-11-21T12:21:16","date_gmt":"2019-11-21T11:21:16","guid":{"rendered":"https:\/\/prohuis.nl\/nouveau-developpement-a12-nootdorp\/"},"modified":"2019-11-21T12:21:16","modified_gmt":"2019-11-21T11:21:16","slug":"nouveau-developpement-a12-nootdorp","status":"publish","type":"post","link":"https:\/\/www.prohuis.nl\/fr\/nouveau-developpement-a12-nootdorp\/","title":{"rendered":"Nouveau d\u00e9veloppement A12 Nootdorp"},"content":{"rendered":"<p>Prohuis entame l&rsquo;am\u00e9nagement du nouveau si\u00e8ge de Voerman International, juste \u00e0 c\u00f4t\u00e9 de l&rsquo;autoroute A12 \u00e0 Nootdorp. Par la suite, nous r\u00e9aliserons 5 autres unit\u00e9s d&rsquo;entreprise\/bureau d&rsquo;environ 1 100 m2 chacune pour ses autres identit\u00e9s. Nous remercions Robert Voerman et Edwin van de Vliet pour leur confiance et nous nous r\u00e9jouissons d&rsquo;une agr\u00e9able collaboration avec le partenaire de construction Willy Naessens Group.<\/p>\n<p><img fetchpriority=\"high\" decoding=\"async\" class=\"alignnone size-full wp-image-4204\" src=\"http:\/\/prohuis.nl\/wp-content\/uploads\/2019\/11\/4234234.jpg\" alt=\"\" width=\"943\" height=\"516\" srcset=\"https:\/\/www.prohuis.nl\/wp-content\/uploads\/2019\/11\/4234234.jpg 943w, https:\/\/www.prohuis.nl\/wp-content\/uploads\/2019\/11\/4234234-300x164.jpg 300w, https:\/\/www.prohuis.nl\/wp-content\/uploads\/2019\/11\/4234234-768x420.jpg 768w\" sizes=\"(max-width: 943px) 100vw, 943px\" \/><br \/>\n<img decoding=\"async\" class=\"alignnone size-large wp-image-4190\" src=\"http:\/\/prohuis.nl\/wp-content\/uploads\/2019\/11\/2-1.jpg\" alt=\"\" width=\"1030\" height=\"480\" srcset=\"https:\/\/www.prohuis.nl\/wp-content\/uploads\/2019\/11\/2-1.jpg 1280w, https:\/\/www.prohuis.nl\/wp-content\/uploads\/2019\/11\/2-1-300x140.jpg 300w, https:\/\/www.prohuis.nl\/wp-content\/uploads\/2019\/11\/2-1-1024x478.jpg 1024w, https:\/\/www.prohuis.nl\/wp-content\/uploads\/2019\/11\/2-1-768x358.jpg 768w\" sizes=\"(max-width: 1030px) 100vw, 1030px\" \/><\/p>\n","protected":false},"excerpt":{"rendered":"<p>Prohuis entame l&rsquo;am\u00e9nagement du nouveau si\u00e8ge de Voerman International, juste \u00e0 c\u00f4t\u00e9 de l&rsquo;autoroute A12 \u00e0 Nootdorp. Par la suite, nous r\u00e9aliserons 5 autres unit\u00e9s d&rsquo;entreprise\/bureau d&rsquo;environ 1 100 m2 chacune pour ses autres identit\u00e9s. Nous remercions Robert Voerman et Edwin van de Vliet pour leur confiance et nous nous r\u00e9jouissons d&rsquo;une agr\u00e9able collaboration avec &#8230; <a title=\"Nouveau d\u00e9veloppement A12 Nootdorp\" class=\"read-more\" href=\"https:\/\/www.prohuis.nl\/fr\/nouveau-developpement-a12-nootdorp\/\" aria-label=\"En savoir plus sur Nouveau d\u00e9veloppement A12 Nootdorp\">Lire la suite<\/a><\/p>\n","protected":false},"author":1,"featured_media":11662,"comment_status":"closed","ping_status":"closed","sticky":false,"template":"","format":"standard","meta":{"footnotes":""},"categories":[32],"tags":[],"class_list":["post-16531","post","type-post","status-publish","format-standard","has-post-thumbnail","hentry","category-nouvelles"],"_links":{"self":[{"href":"https:\/\/www.prohuis.nl\/fr\/wp-json\/wp\/v2\/posts\/16531","targetHints":{"allow":["GET"]}}],"collection":[{"href":"https:\/\/www.prohuis.nl\/fr\/wp-json\/wp\/v2\/posts"}],"about":[{"href":"https:\/\/www.prohuis.nl\/fr\/wp-json\/wp\/v2\/types\/post"}],"author":[{"embeddable":true,"href":"https:\/\/www.prohuis.nl\/fr\/wp-json\/wp\/v2\/users\/1"}],"replies":[{"embeddable":true,"href":"https:\/\/www.prohuis.nl\/fr\/wp-json\/wp\/v2\/comments?post=16531"}],"version-history":[{"count":0,"href":"https:\/\/www.prohuis.nl\/fr\/wp-json\/wp\/v2\/posts\/16531\/revisions"}],"wp:featuredmedia":[{"embeddable":true,"href":"https:\/\/www.prohuis.nl\/fr\/wp-json\/wp\/v2\/media\/11662"}],"wp:attachment":[{"href":"https:\/\/www.prohuis.nl\/fr\/wp-json\/wp\/v2\/media?parent=16531"}],"wp:term":[{"taxonomy":"category","embeddable":true,"href":"https:\/\/www.prohuis.nl\/fr\/wp-json\/wp\/v2\/categories?post=16531"},{"taxonomy":"post_tag","embeddable":true,"href":"https:\/\/www.prohuis.nl\/fr\/wp-json\/wp\/v2\/tags?post=16531"}],"curies":[{"name":"wp","href":"https:\/\/api.w.org\/{rel}","templated":true}]}}