{"id":16468,"date":"2020-07-02T09:05:06","date_gmt":"2020-07-02T07:05:06","guid":{"rendered":"https:\/\/prohuis.nl\/les-phases-3-et-4-de-cornelisland-sont-terminees\/"},"modified":"2022-10-17T17:52:56","modified_gmt":"2022-10-17T15:52:56","slug":"les-phases-3-et-4-de-cornelisland-sont-terminees","status":"publish","type":"post","link":"https:\/\/www.prohuis.nl\/fr\/les-phases-3-et-4-de-cornelisland-sont-terminees\/","title":{"rendered":"Les phases 3 et 4 de Cornelisland sont termin\u00e9es !"},"content":{"rendered":"<p>Vendredi dernier, les belles unit\u00e9s de la Florijnstraat dans le parc d&rsquo;affaires Cornelisland ont \u00e9t\u00e9 achev\u00e9es. Quelques unit\u00e9s sont encore disponibles \u00e0 la location. Contactez <a href=\"https:\/\/www.linkedin.com\/company\/&#039;t-goeiehuys\/\" data-attribute-index=\"0\" data-entity-hovercard-id=\"urn:li:fs_miniCompany:17934676\" data-entity-type=\"MINI_COMPANY\" target=\"_blank\" rel=\"noopener\">&lsquo;t GoeieHuys<\/a> ou <a href=\"https:\/\/www.linkedin.com\/company\/molenaar-bedrijfshuisvesting\/\" data-attribute-index=\"2\" data-entity-hovercard-id=\"urn:li:fs_miniCompany:5196223\" data-entity-type=\"MINI_COMPANY\" target=\"_blank\" rel=\"noopener\">Molenaar Bedrijfshuisvesting<\/a> pour plus d&rsquo;informations.<\/p>\n<p><img fetchpriority=\"high\" decoding=\"async\" class=\"alignnone size-large wp-image-4640\" src=\"http:\/\/prohuis.nl\/wp-content\/uploads\/2018\/11\/1.jpg\" alt=\"\" width=\"1030\" height=\"773\" srcset=\"https:\/\/www.prohuis.nl\/wp-content\/uploads\/2018\/11\/1.jpg 1440w, https:\/\/www.prohuis.nl\/wp-content\/uploads\/2018\/11\/1-300x225.jpg 300w, https:\/\/www.prohuis.nl\/wp-content\/uploads\/2018\/11\/1-1024x768.jpg 1024w, https:\/\/www.prohuis.nl\/wp-content\/uploads\/2018\/11\/1-768x576.jpg 768w\" sizes=\"(max-width: 1030px) 100vw, 1030px\" \/> <img decoding=\"async\" class=\"alignnone size-large wp-image-4641\" src=\"http:\/\/prohuis.nl\/wp-content\/uploads\/2018\/11\/2.jpg\" alt=\"\" width=\"1030\" height=\"773\" srcset=\"https:\/\/www.prohuis.nl\/wp-content\/uploads\/2018\/11\/2.jpg 1440w, https:\/\/www.prohuis.nl\/wp-content\/uploads\/2018\/11\/2-300x225.jpg 300w, https:\/\/www.prohuis.nl\/wp-content\/uploads\/2018\/11\/2-1024x768.jpg 1024w, https:\/\/www.prohuis.nl\/wp-content\/uploads\/2018\/11\/2-768x576.jpg 768w\" sizes=\"(max-width: 1030px) 100vw, 1030px\" \/> <img decoding=\"async\" class=\"alignnone size-large wp-image-4642\" src=\"https:\/\/prohuis.nl\/wp-content\/uploads\/2018\/11\/3-scaled-1.jpg\" alt=\"\" width=\"773\" height=\"1030\" srcset=\"https:\/\/www.prohuis.nl\/wp-content\/uploads\/2018\/11\/3-scaled-1.jpg 810w, https:\/\/www.prohuis.nl\/wp-content\/uploads\/2018\/11\/3-scaled-1-225x300.jpg 225w, https:\/\/www.prohuis.nl\/wp-content\/uploads\/2018\/11\/3-scaled-1-768x1024.jpg 768w\" sizes=\"(max-width: 773px) 100vw, 773px\" \/><\/p>\n","protected":false},"excerpt":{"rendered":"<p>Vendredi dernier, les belles unit\u00e9s de la Florijnstraat dans le parc d&rsquo;affaires Cornelisland ont \u00e9t\u00e9 achev\u00e9es. Quelques unit\u00e9s sont encore disponibles \u00e0 la location. Contactez &lsquo;t GoeieHuys ou Molenaar Bedrijfshuisvesting pour plus d&rsquo;informations.<\/p>\n","protected":false},"author":1,"featured_media":11726,"comment_status":"closed","ping_status":"closed","sticky":false,"template":"","format":"standard","meta":{"footnotes":""},"categories":[32],"tags":[],"class_list":["post-16468","post","type-post","status-publish","format-standard","has-post-thumbnail","hentry","category-nouvelles"],"_links":{"self":[{"href":"https:\/\/www.prohuis.nl\/fr\/wp-json\/wp\/v2\/posts\/16468","targetHints":{"allow":["GET"]}}],"collection":[{"href":"https:\/\/www.prohuis.nl\/fr\/wp-json\/wp\/v2\/posts"}],"about":[{"href":"https:\/\/www.prohuis.nl\/fr\/wp-json\/wp\/v2\/types\/post"}],"author":[{"embeddable":true,"href":"https:\/\/www.prohuis.nl\/fr\/wp-json\/wp\/v2\/users\/1"}],"replies":[{"embeddable":true,"href":"https:\/\/www.prohuis.nl\/fr\/wp-json\/wp\/v2\/comments?post=16468"}],"version-history":[{"count":1,"href":"https:\/\/www.prohuis.nl\/fr\/wp-json\/wp\/v2\/posts\/16468\/revisions"}],"predecessor-version":[{"id":16469,"href":"https:\/\/www.prohuis.nl\/fr\/wp-json\/wp\/v2\/posts\/16468\/revisions\/16469"}],"wp:featuredmedia":[{"embeddable":true,"href":"https:\/\/www.prohuis.nl\/fr\/wp-json\/wp\/v2\/media\/11726"}],"wp:attachment":[{"href":"https:\/\/www.prohuis.nl\/fr\/wp-json\/wp\/v2\/media?parent=16468"}],"wp:term":[{"taxonomy":"category","embeddable":true,"href":"https:\/\/www.prohuis.nl\/fr\/wp-json\/wp\/v2\/categories?post=16468"},{"taxonomy":"post_tag","embeddable":true,"href":"https:\/\/www.prohuis.nl\/fr\/wp-json\/wp\/v2\/tags?post=16468"}],"curies":[{"name":"wp","href":"https:\/\/api.w.org\/{rel}","templated":true}]}}