{"id":16418,"date":"2020-09-14T11:07:52","date_gmt":"2020-09-14T09:07:52","guid":{"rendered":"https:\/\/prohuis.nl\/debut-des-ventes-a-amstelveen\/"},"modified":"2022-10-17T17:34:52","modified_gmt":"2022-10-17T15:34:52","slug":"debut-des-ventes-a-amstelveen","status":"publish","type":"post","link":"https:\/\/www.prohuis.nl\/fr\/debut-des-ventes-a-amstelveen\/","title":{"rendered":"D\u00e9but des ventes \u00e0 Amstelveen !"},"content":{"rendered":"<p>Aujourd&rsquo;hui, nous avons officiellement lanc\u00e9 la vente d&rsquo;une douzaine d&rsquo;unit\u00e9s commerciales\/bureau durables \u00e0 Amstelveen. Ce complexe durable et de grande qualit\u00e9 est situ\u00e9 \u00e0 proximit\u00e9 des autoroutes A4 La Haye\/Rotterdam et A9 Amsterdam\/Alkmaar, dans le parc d&rsquo;affaires \u00ab\u00a0De Loeten\u00a0\u00bb. Disponible d&rsquo;environ 326 m2 (418 000 \u20ac n.l.f.) \u00e0 environ 790 m2 (1 050 000 \u20ac n.l.f.). Int\u00e9ress\u00e9 ou plus d&rsquo;informations ? Contactez les agents immobiliers <a class=\"ql-mention\" spellcheck=\"false\" href=\"https:\/\/www.linkedin.com\/#\" data-entity-urn=\"urn:li:fs_normalized_company:68001859\" data-guid=\"1\" data-object-urn=\"undefined\" data-original-text=\"SCHIPHOLLAND\" target=\"_blank\" rel=\"noopener\">SCHIPHOLLAND<\/a> au 020 653 3121.<\/p>\n<p><img fetchpriority=\"high\" decoding=\"async\" class=\"alignnone size-large wp-image-4861\" src=\"http:\/\/prohuis.nl\/wp-content\/uploads\/2020\/09\/1-7.jpg\" alt=\"\" width=\"1030\" height=\"579\" srcset=\"https:\/\/www.prohuis.nl\/wp-content\/uploads\/2020\/09\/1-7.jpg 1440w, https:\/\/www.prohuis.nl\/wp-content\/uploads\/2020\/09\/1-7-300x169.jpg 300w, https:\/\/www.prohuis.nl\/wp-content\/uploads\/2020\/09\/1-7-1024x576.jpg 1024w, https:\/\/www.prohuis.nl\/wp-content\/uploads\/2020\/09\/1-7-768x432.jpg 768w\" sizes=\"(max-width: 1030px) 100vw, 1030px\" \/> <img decoding=\"async\" class=\"alignnone size-large wp-image-4862\" src=\"http:\/\/prohuis.nl\/wp-content\/uploads\/2020\/09\/2-7.jpg\" alt=\"\" width=\"1030\" height=\"579\" srcset=\"https:\/\/www.prohuis.nl\/wp-content\/uploads\/2020\/09\/2-7.jpg 1440w, https:\/\/www.prohuis.nl\/wp-content\/uploads\/2020\/09\/2-7-300x169.jpg 300w, https:\/\/www.prohuis.nl\/wp-content\/uploads\/2020\/09\/2-7-1024x576.jpg 1024w, https:\/\/www.prohuis.nl\/wp-content\/uploads\/2020\/09\/2-7-768x432.jpg 768w\" sizes=\"(max-width: 1030px) 100vw, 1030px\" \/> <img decoding=\"async\" class=\"alignnone size-large wp-image-4863\" src=\"http:\/\/prohuis.nl\/wp-content\/uploads\/2020\/09\/3-5.jpg\" alt=\"\" width=\"1030\" height=\"290\" srcset=\"https:\/\/www.prohuis.nl\/wp-content\/uploads\/2020\/09\/3-5.jpg 1440w, https:\/\/www.prohuis.nl\/wp-content\/uploads\/2020\/09\/3-5-300x84.jpg 300w, https:\/\/www.prohuis.nl\/wp-content\/uploads\/2020\/09\/3-5-1024x288.jpg 1024w, https:\/\/www.prohuis.nl\/wp-content\/uploads\/2020\/09\/3-5-768x216.jpg 768w\" sizes=\"(max-width: 1030px) 100vw, 1030px\" \/><\/p>\n","protected":false},"excerpt":{"rendered":"<p>Aujourd&rsquo;hui, nous avons officiellement lanc\u00e9 la vente d&rsquo;une douzaine d&rsquo;unit\u00e9s commerciales\/bureau durables \u00e0 Amstelveen. Ce complexe durable et de grande qualit\u00e9 est situ\u00e9 \u00e0 proximit\u00e9 des autoroutes A4 La Haye\/Rotterdam et A9 Amsterdam\/Alkmaar, dans le parc d&rsquo;affaires \u00ab\u00a0De Loeten\u00a0\u00bb. Disponible d&rsquo;environ 326 m2 (418 000 \u20ac n.l.f.) \u00e0 environ 790 m2 (1 050 000 \u20ac &#8230; <a title=\"D\u00e9but des ventes \u00e0 Amstelveen !\" class=\"read-more\" href=\"https:\/\/www.prohuis.nl\/fr\/debut-des-ventes-a-amstelveen\/\" aria-label=\"En savoir plus sur D\u00e9but des ventes \u00e0 Amstelveen !\">Lire la suite<\/a><\/p>\n","protected":false},"author":1,"featured_media":11774,"comment_status":"closed","ping_status":"closed","sticky":false,"template":"","format":"standard","meta":{"footnotes":""},"categories":[32],"tags":[],"class_list":["post-16418","post","type-post","status-publish","format-standard","has-post-thumbnail","hentry","category-nouvelles"],"_links":{"self":[{"href":"https:\/\/www.prohuis.nl\/fr\/wp-json\/wp\/v2\/posts\/16418","targetHints":{"allow":["GET"]}}],"collection":[{"href":"https:\/\/www.prohuis.nl\/fr\/wp-json\/wp\/v2\/posts"}],"about":[{"href":"https:\/\/www.prohuis.nl\/fr\/wp-json\/wp\/v2\/types\/post"}],"author":[{"embeddable":true,"href":"https:\/\/www.prohuis.nl\/fr\/wp-json\/wp\/v2\/users\/1"}],"replies":[{"embeddable":true,"href":"https:\/\/www.prohuis.nl\/fr\/wp-json\/wp\/v2\/comments?post=16418"}],"version-history":[{"count":1,"href":"https:\/\/www.prohuis.nl\/fr\/wp-json\/wp\/v2\/posts\/16418\/revisions"}],"predecessor-version":[{"id":16420,"href":"https:\/\/www.prohuis.nl\/fr\/wp-json\/wp\/v2\/posts\/16418\/revisions\/16420"}],"wp:featuredmedia":[{"embeddable":true,"href":"https:\/\/www.prohuis.nl\/fr\/wp-json\/wp\/v2\/media\/11774"}],"wp:attachment":[{"href":"https:\/\/www.prohuis.nl\/fr\/wp-json\/wp\/v2\/media?parent=16418"}],"wp:term":[{"taxonomy":"category","embeddable":true,"href":"https:\/\/www.prohuis.nl\/fr\/wp-json\/wp\/v2\/categories?post=16418"},{"taxonomy":"post_tag","embeddable":true,"href":"https:\/\/www.prohuis.nl\/fr\/wp-json\/wp\/v2\/tags?post=16418"}],"curies":[{"name":"wp","href":"https:\/\/api.w.org\/{rel}","templated":true}]}}