{"id":16372,"date":"2021-03-03T14:36:08","date_gmt":"2021-03-03T13:36:08","guid":{"rendered":"https:\/\/prohuis.nl\/1ere-pile-overschieseweg-rotterdam\/"},"modified":"2022-10-17T17:29:40","modified_gmt":"2022-10-17T15:29:40","slug":"1ere-pile-overschieseweg-rotterdam","status":"publish","type":"post","link":"https:\/\/www.prohuis.nl\/fr\/1ere-pile-overschieseweg-rotterdam\/","title":{"rendered":"1\u00e8re pile Overschieseweg Rotterdam"},"content":{"rendered":"<p>Aujourd&rsquo;hui, le premier pieu du nouveau projet de construction \u00e0 Overschieseweg 104 \u00e0 Rotterdam a \u00e9t\u00e9 officiellement frapp\u00e9. Vous \u00eates int\u00e9ress\u00e9 par une propri\u00e9t\u00e9 commerciale de luxe avec des bureaux sur la plus grande zone industrielle des Pays-Bas ? Quelques unit\u00e9s sont encore disponibles \u00e0 la location par l&rsquo;interm\u00e9diaire de <a class=\"ql-mention\" spellcheck=\"false\" href=\"https:\/\/www.linkedin.com\/nhome\/#\" data-entity-urn=\"urn:li:fs_normalized_company:17934676\" data-guid=\"2\" data-object-urn=\"urn:li:company:17934676\" data-original-text=\"&#039;t GoeieHuys\" target=\"_blank\" rel=\"noopener\">&lsquo;t GoeieHuys<\/a> et <a class=\"ql-mention\" spellcheck=\"false\" href=\"https:\/\/www.linkedin.com\/nhome\/#\" data-entity-urn=\"urn:li:fs_normalized_company:5196223\" data-guid=\"3\" data-object-urn=\"urn:li:company:5196223\" data-original-text=\"Molenaar Bedrijfshuisvesting\" target=\"_blank\" rel=\"noopener\">Molenaar Bedrijfshuisvesting<\/a>.<\/p>\n<p><img fetchpriority=\"high\" decoding=\"async\" class=\"alignnone size-large wp-image-5178\" src=\"http:\/\/prohuis.nl\/wp-content\/uploads\/2021\/03\/1.jpg\" alt=\"\" width=\"773\" height=\"1030\" srcset=\"https:\/\/www.prohuis.nl\/wp-content\/uploads\/2021\/03\/1.jpg 810w, https:\/\/www.prohuis.nl\/wp-content\/uploads\/2021\/03\/1-225x300.jpg 225w, https:\/\/www.prohuis.nl\/wp-content\/uploads\/2021\/03\/1-768x1024.jpg 768w\" sizes=\"(max-width: 773px) 100vw, 773px\" \/> <img decoding=\"async\" class=\"alignnone size-large wp-image-5179\" src=\"http:\/\/prohuis.nl\/wp-content\/uploads\/2021\/03\/2.jpg\" alt=\"\" width=\"1030\" height=\"728\" srcset=\"https:\/\/www.prohuis.nl\/wp-content\/uploads\/2021\/03\/2.jpg 1527w, https:\/\/www.prohuis.nl\/wp-content\/uploads\/2021\/03\/2-300x212.jpg 300w, https:\/\/www.prohuis.nl\/wp-content\/uploads\/2021\/03\/2-1024x724.jpg 1024w, https:\/\/www.prohuis.nl\/wp-content\/uploads\/2021\/03\/2-768x543.jpg 768w\" sizes=\"(max-width: 1030px) 100vw, 1030px\" \/> <img decoding=\"async\" class=\"alignnone size-large wp-image-5180\" src=\"http:\/\/prohuis.nl\/wp-content\/uploads\/2021\/03\/3.jpg\" alt=\"\" width=\"1030\" height=\"728\" srcset=\"https:\/\/www.prohuis.nl\/wp-content\/uploads\/2021\/03\/3.jpg 1527w, https:\/\/www.prohuis.nl\/wp-content\/uploads\/2021\/03\/3-300x212.jpg 300w, https:\/\/www.prohuis.nl\/wp-content\/uploads\/2021\/03\/3-1024x724.jpg 1024w, https:\/\/www.prohuis.nl\/wp-content\/uploads\/2021\/03\/3-768x543.jpg 768w\" sizes=\"(max-width: 1030px) 100vw, 1030px\" \/><\/p>\n","protected":false},"excerpt":{"rendered":"<p>Aujourd&rsquo;hui, le premier pieu du nouveau projet de construction \u00e0 Overschieseweg 104 \u00e0 Rotterdam a \u00e9t\u00e9 officiellement frapp\u00e9. Vous \u00eates int\u00e9ress\u00e9 par une propri\u00e9t\u00e9 commerciale de luxe avec des bureaux sur la plus grande zone industrielle des Pays-Bas ? Quelques unit\u00e9s sont encore disponibles \u00e0 la location par l&rsquo;interm\u00e9diaire de &lsquo;t GoeieHuys et Molenaar Bedrijfshuisvesting.<\/p>\n","protected":false},"author":1,"featured_media":11824,"comment_status":"closed","ping_status":"closed","sticky":false,"template":"","format":"standard","meta":{"footnotes":""},"categories":[32],"tags":[],"class_list":["post-16372","post","type-post","status-publish","format-standard","has-post-thumbnail","hentry","category-nouvelles"],"_links":{"self":[{"href":"https:\/\/www.prohuis.nl\/fr\/wp-json\/wp\/v2\/posts\/16372","targetHints":{"allow":["GET"]}}],"collection":[{"href":"https:\/\/www.prohuis.nl\/fr\/wp-json\/wp\/v2\/posts"}],"about":[{"href":"https:\/\/www.prohuis.nl\/fr\/wp-json\/wp\/v2\/types\/post"}],"author":[{"embeddable":true,"href":"https:\/\/www.prohuis.nl\/fr\/wp-json\/wp\/v2\/users\/1"}],"replies":[{"embeddable":true,"href":"https:\/\/www.prohuis.nl\/fr\/wp-json\/wp\/v2\/comments?post=16372"}],"version-history":[{"count":1,"href":"https:\/\/www.prohuis.nl\/fr\/wp-json\/wp\/v2\/posts\/16372\/revisions"}],"predecessor-version":[{"id":16373,"href":"https:\/\/www.prohuis.nl\/fr\/wp-json\/wp\/v2\/posts\/16372\/revisions\/16373"}],"wp:featuredmedia":[{"embeddable":true,"href":"https:\/\/www.prohuis.nl\/fr\/wp-json\/wp\/v2\/media\/11824"}],"wp:attachment":[{"href":"https:\/\/www.prohuis.nl\/fr\/wp-json\/wp\/v2\/media?parent=16372"}],"wp:term":[{"taxonomy":"category","embeddable":true,"href":"https:\/\/www.prohuis.nl\/fr\/wp-json\/wp\/v2\/categories?post=16372"},{"taxonomy":"post_tag","embeddable":true,"href":"https:\/\/www.prohuis.nl\/fr\/wp-json\/wp\/v2\/tags?post=16372"}],"curies":[{"name":"wp","href":"https:\/\/api.w.org\/{rel}","templated":true}]}}