{"id":16351,"date":"2021-04-19T12:20:02","date_gmt":"2021-04-19T10:20:02","guid":{"rendered":"https:\/\/prohuis.nl\/11-unites-commerciales-les-ventes-de-rucphen-ont-commence\/"},"modified":"2022-10-17T17:22:00","modified_gmt":"2022-10-17T15:22:00","slug":"11-unites-commerciales-les-ventes-de-rucphen-ont-commence","status":"publish","type":"post","link":"https:\/\/www.prohuis.nl\/fr\/11-unites-commerciales-les-ventes-de-rucphen-ont-commence\/","title":{"rendered":"11 unit\u00e9s commerciales Les ventes de Rucphen ont commenc\u00e9 !"},"content":{"rendered":"<p>Dans le parc d&rsquo;affaires \u00ab\u00a0Nijverhei\u00a0\u00bb, situ\u00e9 dans la Industriestraat \u00e0 Rucphen, nous commen\u00e7ons \u00e0 d\u00e9velopper 11 unit\u00e9s commerciales. Les unit\u00e9s sont propos\u00e9es \u00e0 la vente par <a href=\"https:\/\/www.linkedin.com\/in\/ACoAAAqXZx4BC4U6lo-T6_OtHxbxm4A0GlS1DDU\" data-attribute-index=\"0\" data-entity-hovercard-id=\"urn:li:fs_miniProfile:ACoAAAqXZx4BC4U6lo-T6_OtHxbxm4A0GlS1DDU\" data-entity-type=\"MINI_PROFILE\" target=\"_blank\" rel=\"noopener\">Erwin Van Hassel<\/a> de <a href=\"https:\/\/www.linkedin.com\/company\/van-hassel-makelaars\/\" data-attribute-index=\"2\" data-entity-hovercard-id=\"urn:li:fs_miniCompany:2572618\" data-entity-type=\"MINI_COMPANY\" target=\"_blank\" rel=\"noopener\">Van Hassel Makelaars<\/a>.<\/p>\n<p><img fetchpriority=\"high\" decoding=\"async\" class=\"alignnone size-large wp-image-5318\" src=\"http:\/\/prohuis.nl\/wp-content\/uploads\/2021\/04\/1.png\" alt=\"\" width=\"1030\" height=\"575\" srcset=\"https:\/\/www.prohuis.nl\/wp-content\/uploads\/2021\/04\/1.png 1920w, https:\/\/www.prohuis.nl\/wp-content\/uploads\/2021\/04\/1-300x168.png 300w, https:\/\/www.prohuis.nl\/wp-content\/uploads\/2021\/04\/1-1024x572.png 1024w, https:\/\/www.prohuis.nl\/wp-content\/uploads\/2021\/04\/1-768x429.png 768w, https:\/\/www.prohuis.nl\/wp-content\/uploads\/2021\/04\/1-1536x858.png 1536w\" sizes=\"(max-width: 1030px) 100vw, 1030px\" \/> <img decoding=\"async\" class=\"alignnone size-large wp-image-5319\" src=\"http:\/\/prohuis.nl\/wp-content\/uploads\/2021\/04\/2.png\" alt=\"\" width=\"1030\" height=\"576\" srcset=\"https:\/\/www.prohuis.nl\/wp-content\/uploads\/2021\/04\/2.png 1920w, https:\/\/www.prohuis.nl\/wp-content\/uploads\/2021\/04\/2-300x168.png 300w, https:\/\/www.prohuis.nl\/wp-content\/uploads\/2021\/04\/2-1024x573.png 1024w, https:\/\/www.prohuis.nl\/wp-content\/uploads\/2021\/04\/2-768x430.png 768w, https:\/\/www.prohuis.nl\/wp-content\/uploads\/2021\/04\/2-1536x859.png 1536w\" sizes=\"(max-width: 1030px) 100vw, 1030px\" \/> <img decoding=\"async\" class=\"alignnone size-large wp-image-5320\" src=\"http:\/\/prohuis.nl\/wp-content\/uploads\/2021\/04\/3.png\" alt=\"\" width=\"1030\" height=\"696\" srcset=\"https:\/\/www.prohuis.nl\/wp-content\/uploads\/2021\/04\/3.png 1598w, https:\/\/www.prohuis.nl\/wp-content\/uploads\/2021\/04\/3-300x203.png 300w, https:\/\/www.prohuis.nl\/wp-content\/uploads\/2021\/04\/3-1024x692.png 1024w, https:\/\/www.prohuis.nl\/wp-content\/uploads\/2021\/04\/3-768x519.png 768w, https:\/\/www.prohuis.nl\/wp-content\/uploads\/2021\/04\/3-1536x1038.png 1536w\" sizes=\"(max-width: 1030px) 100vw, 1030px\" \/><\/p>\n<p>&nbsp;<\/p>\n<p>&nbsp;<\/p>\n","protected":false},"excerpt":{"rendered":"<p>Dans le parc d&rsquo;affaires \u00ab\u00a0Nijverhei\u00a0\u00bb, situ\u00e9 dans la Industriestraat \u00e0 Rucphen, nous commen\u00e7ons \u00e0 d\u00e9velopper 11 unit\u00e9s commerciales. Les unit\u00e9s sont propos\u00e9es \u00e0 la vente par Erwin Van Hassel de Van Hassel Makelaars. &nbsp; &nbsp;<\/p>\n","protected":false},"author":1,"featured_media":11850,"comment_status":"closed","ping_status":"closed","sticky":false,"template":"","format":"standard","meta":{"footnotes":""},"categories":[32],"tags":[],"class_list":["post-16351","post","type-post","status-publish","format-standard","has-post-thumbnail","hentry","category-nouvelles"],"_links":{"self":[{"href":"https:\/\/www.prohuis.nl\/fr\/wp-json\/wp\/v2\/posts\/16351","targetHints":{"allow":["GET"]}}],"collection":[{"href":"https:\/\/www.prohuis.nl\/fr\/wp-json\/wp\/v2\/posts"}],"about":[{"href":"https:\/\/www.prohuis.nl\/fr\/wp-json\/wp\/v2\/types\/post"}],"author":[{"embeddable":true,"href":"https:\/\/www.prohuis.nl\/fr\/wp-json\/wp\/v2\/users\/1"}],"replies":[{"embeddable":true,"href":"https:\/\/www.prohuis.nl\/fr\/wp-json\/wp\/v2\/comments?post=16351"}],"version-history":[{"count":1,"href":"https:\/\/www.prohuis.nl\/fr\/wp-json\/wp\/v2\/posts\/16351\/revisions"}],"predecessor-version":[{"id":16352,"href":"https:\/\/www.prohuis.nl\/fr\/wp-json\/wp\/v2\/posts\/16351\/revisions\/16352"}],"wp:featuredmedia":[{"embeddable":true,"href":"https:\/\/www.prohuis.nl\/fr\/wp-json\/wp\/v2\/media\/11850"}],"wp:attachment":[{"href":"https:\/\/www.prohuis.nl\/fr\/wp-json\/wp\/v2\/media?parent=16351"}],"wp:term":[{"taxonomy":"category","embeddable":true,"href":"https:\/\/www.prohuis.nl\/fr\/wp-json\/wp\/v2\/categories?post=16351"},{"taxonomy":"post_tag","embeddable":true,"href":"https:\/\/www.prohuis.nl\/fr\/wp-json\/wp\/v2\/tags?post=16351"}],"curies":[{"name":"wp","href":"https:\/\/api.w.org\/{rel}","templated":true}]}}