{"id":16320,"date":"2021-06-29T10:40:52","date_gmt":"2021-06-29T08:40:52","guid":{"rendered":"https:\/\/prohuis.nl\/le-point-le-plus-haut-de-lhotel-breda\/"},"modified":"2022-10-17T17:18:01","modified_gmt":"2022-10-17T15:18:01","slug":"le-point-le-plus-haut-de-lhotel-breda","status":"publish","type":"post","link":"https:\/\/www.prohuis.nl\/fr\/le-point-le-plus-haut-de-lhotel-breda\/","title":{"rendered":"Le point le plus haut de l&rsquo;h\u00f4tel Breda"},"content":{"rendered":"<p>Hier, nous avons c\u00e9l\u00e9br\u00e9 avec toutes les parties concern\u00e9es l&rsquo;atteinte du point culminant du nouvel h\u00f4tel GR8 \u00e0 Breda ! Tout en d\u00e9gustant des collations et des boissons, les drapeaux de <a href=\"https:\/\/www.linkedin.com\/company\/prohuis-bv\/\" data-attribute-index=\"0\" data-entity-hovercard-id=\"urn:li:fs_miniCompany:10155753\" data-entity-type=\"MINI_COMPANY\" target=\"_blank\" rel=\"noopener\">Prohuis BV<\/a>, <a href=\"https:\/\/www.linkedin.com\/company\/gr8hotels\/\" data-attribute-index=\"2\" data-entity-hovercard-id=\"urn:li:fs_miniCompany:11499602\" data-entity-type=\"MINI_COMPANY\" target=\"_blank\" rel=\"noopener\">Gr8 Hotels<\/a>, <a href=\"https:\/\/www.linkedin.com\/company\/tankeasy\/\" data-attribute-index=\"4\" data-entity-hovercard-id=\"urn:li:fs_miniCompany:2272687\" data-entity-type=\"MINI_COMPANY\" target=\"_blank\" rel=\"noopener\">DCB Energy<\/a> et <a href=\"https:\/\/www.linkedin.com\/company\/willynaessens-nederland\/\" data-attribute-index=\"6\" data-entity-hovercard-id=\"urn:li:fs_miniCompany:42357615\" data-entity-type=\"MINI_COMPANY\" target=\"_blank\" rel=\"noopener\">Willy Naessens NEDERLAND<\/a> ont \u00e9t\u00e9 hiss\u00e9s. L&rsquo;ach\u00e8vement pr\u00e9vu est le quatri\u00e8me trimestre de 2021, apr\u00e8s quoi GR8 commencera la construction ! \ud83d\udc4a\ud83e\udd29\ud83c\udfd7\ud83c\udfe8\ud83d\udee0<\/p>\n<p><a href=\"http:\/\/www.prohuis.nl\/\" data-attribute-index=\"8\">www.prohuis.nl<\/a><\/p>\n<p>&nbsp;<\/p>\n<p><img fetchpriority=\"high\" decoding=\"async\" class=\"alignnone size-large wp-image-5570\" src=\"http:\/\/prohuis.nl\/wp-content\/uploads\/2021\/06\/2.jpg\" alt=\"\" width=\"475\" height=\"1030\" srcset=\"https:\/\/www.prohuis.nl\/wp-content\/uploads\/2021\/06\/2.jpg 498w, https:\/\/www.prohuis.nl\/wp-content\/uploads\/2021\/06\/2-138x300.jpg 138w, https:\/\/www.prohuis.nl\/wp-content\/uploads\/2021\/06\/2-472x1024.jpg 472w\" sizes=\"(max-width: 475px) 100vw, 475px\" \/> <img decoding=\"async\" class=\"alignnone size-large wp-image-5571\" src=\"http:\/\/prohuis.nl\/wp-content\/uploads\/2021\/06\/3.jpg\" alt=\"\" width=\"1030\" height=\"772\" srcset=\"https:\/\/www.prohuis.nl\/wp-content\/uploads\/2021\/06\/3.jpg 1441w, https:\/\/www.prohuis.nl\/wp-content\/uploads\/2021\/06\/3-300x225.jpg 300w, https:\/\/www.prohuis.nl\/wp-content\/uploads\/2021\/06\/3-1024x767.jpg 1024w, https:\/\/www.prohuis.nl\/wp-content\/uploads\/2021\/06\/3-768x576.jpg 768w\" sizes=\"(max-width: 1030px) 100vw, 1030px\" \/> <img decoding=\"async\" class=\"alignnone size-large wp-image-5572\" src=\"http:\/\/prohuis.nl\/wp-content\/uploads\/2021\/06\/4.jpg\" alt=\"\" width=\"1030\" height=\"772\" srcset=\"https:\/\/www.prohuis.nl\/wp-content\/uploads\/2021\/06\/4.jpg 1441w, https:\/\/www.prohuis.nl\/wp-content\/uploads\/2021\/06\/4-300x225.jpg 300w, https:\/\/www.prohuis.nl\/wp-content\/uploads\/2021\/06\/4-1024x767.jpg 1024w, https:\/\/www.prohuis.nl\/wp-content\/uploads\/2021\/06\/4-768x576.jpg 768w\" sizes=\"(max-width: 1030px) 100vw, 1030px\" \/><\/p>\n","protected":false},"excerpt":{"rendered":"<p>Hier, nous avons c\u00e9l\u00e9br\u00e9 avec toutes les parties concern\u00e9es l&rsquo;atteinte du point culminant du nouvel h\u00f4tel GR8 \u00e0 Breda ! Tout en d\u00e9gustant des collations et des boissons, les drapeaux de Prohuis BV, Gr8 Hotels, DCB Energy et Willy Naessens NEDERLAND ont \u00e9t\u00e9 hiss\u00e9s. L&rsquo;ach\u00e8vement pr\u00e9vu est le quatri\u00e8me trimestre de 2021, apr\u00e8s quoi GR8 &#8230; <a title=\"Le point le plus haut de l&rsquo;h\u00f4tel Breda\" class=\"read-more\" href=\"https:\/\/www.prohuis.nl\/fr\/le-point-le-plus-haut-de-lhotel-breda\/\" aria-label=\"En savoir plus sur Le point le plus haut de l&rsquo;h\u00f4tel Breda\">Lire la suite<\/a><\/p>\n","protected":false},"author":1,"featured_media":11870,"comment_status":"closed","ping_status":"closed","sticky":false,"template":"","format":"standard","meta":{"footnotes":""},"categories":[32],"tags":[],"class_list":["post-16320","post","type-post","status-publish","format-standard","has-post-thumbnail","hentry","category-nouvelles"],"_links":{"self":[{"href":"https:\/\/www.prohuis.nl\/fr\/wp-json\/wp\/v2\/posts\/16320","targetHints":{"allow":["GET"]}}],"collection":[{"href":"https:\/\/www.prohuis.nl\/fr\/wp-json\/wp\/v2\/posts"}],"about":[{"href":"https:\/\/www.prohuis.nl\/fr\/wp-json\/wp\/v2\/types\/post"}],"author":[{"embeddable":true,"href":"https:\/\/www.prohuis.nl\/fr\/wp-json\/wp\/v2\/users\/1"}],"replies":[{"embeddable":true,"href":"https:\/\/www.prohuis.nl\/fr\/wp-json\/wp\/v2\/comments?post=16320"}],"version-history":[{"count":1,"href":"https:\/\/www.prohuis.nl\/fr\/wp-json\/wp\/v2\/posts\/16320\/revisions"}],"predecessor-version":[{"id":16321,"href":"https:\/\/www.prohuis.nl\/fr\/wp-json\/wp\/v2\/posts\/16320\/revisions\/16321"}],"wp:featuredmedia":[{"embeddable":true,"href":"https:\/\/www.prohuis.nl\/fr\/wp-json\/wp\/v2\/media\/11870"}],"wp:attachment":[{"href":"https:\/\/www.prohuis.nl\/fr\/wp-json\/wp\/v2\/media?parent=16320"}],"wp:term":[{"taxonomy":"category","embeddable":true,"href":"https:\/\/www.prohuis.nl\/fr\/wp-json\/wp\/v2\/categories?post=16320"},{"taxonomy":"post_tag","embeddable":true,"href":"https:\/\/www.prohuis.nl\/fr\/wp-json\/wp\/v2\/tags?post=16320"}],"curies":[{"name":"wp","href":"https:\/\/api.w.org\/{rel}","templated":true}]}}