{"id":16300,"date":"2021-09-15T11:17:01","date_gmt":"2021-09-15T09:17:01","guid":{"rendered":"https:\/\/prohuis.nl\/le-permis-pour-la-parcelle-a-a-ete-demande\/"},"modified":"2022-10-17T17:14:22","modified_gmt":"2022-10-17T15:14:22","slug":"le-permis-pour-la-parcelle-a-a-ete-demande","status":"publish","type":"post","link":"https:\/\/www.prohuis.nl\/fr\/le-permis-pour-la-parcelle-a-a-ete-demande\/","title":{"rendered":"Le permis pour la parcelle A a \u00e9t\u00e9 demand\u00e9 !"},"content":{"rendered":"<p>Le permis pour la parcelle A du parc d&rsquo;activit\u00e9s circulaire<a href=\"https:\/\/www.linkedin.com\/company\/ambachtsezoom\/\" data-attribute-index=\"0\" data-entity-hovercard-id=\"urn:li:fs_miniCompany:12980226\" data-entity-type=\"MINI_COMPANY\" target=\"_blank\" rel=\"noopener\">\u00ab\u00a0Ambachtsezoom\u00a0\u00bb<\/a>\u00e0 Hendrik Ido Ambacht a \u00e9t\u00e9 demand\u00e9 !<\/p>\n<p>Situ\u00e9 juste \u00e0 l&rsquo;entr\u00e9e du parc, ce complexe durable se compose de 4 unit\u00e9s d&rsquo;affaires\/bureaux de diff\u00e9rentes tailles.<\/p>\n<p>Pour plus d&rsquo;informations, contactez <a href=\"https:\/\/www.linkedin.com\/company\/waltmann-bedrijfshuisvesting\/\" data-attribute-index=\"2\" data-entity-hovercard-id=\"urn:li:fs_miniCompany:9391394\" data-entity-type=\"MINI_COMPANY\" target=\"_blank\" rel=\"noopener\">Waltmann Bedrijfshuisvesting<\/a> ou le <a href=\"https:\/\/www.linkedin.com\/company\/&#039;t-goeiehuys\/\" data-attribute-index=\"4\" data-entity-hovercard-id=\"urn:li:fs_miniCompany:17934676\" data-entity-type=\"MINI_COMPANY\" target=\"_blank\" rel=\"noopener\">&lsquo;t GoeieHuys<\/a>.<\/p>\n<p><img fetchpriority=\"high\" decoding=\"async\" class=\"alignnone size-large wp-image-5626\" src=\"https:\/\/prohuis.nl\/wp-content\/uploads\/2021\/05\/Kavel-A_03-1-scaled-1.jpg\" alt=\"\" width=\"1030\" height=\"579\" srcset=\"https:\/\/www.prohuis.nl\/wp-content\/uploads\/2021\/05\/Kavel-A_03-1-scaled-1.jpg 1920w, https:\/\/www.prohuis.nl\/wp-content\/uploads\/2021\/05\/Kavel-A_03-1-scaled-1-300x169.jpg 300w, https:\/\/www.prohuis.nl\/wp-content\/uploads\/2021\/05\/Kavel-A_03-1-scaled-1-1024x576.jpg 1024w, https:\/\/www.prohuis.nl\/wp-content\/uploads\/2021\/05\/Kavel-A_03-1-scaled-1-768x432.jpg 768w, https:\/\/www.prohuis.nl\/wp-content\/uploads\/2021\/05\/Kavel-A_03-1-scaled-1-1536x864.jpg 1536w\" sizes=\"(max-width: 1030px) 100vw, 1030px\" \/> <img decoding=\"async\" class=\"alignnone size-large wp-image-5625\" src=\"https:\/\/prohuis.nl\/wp-content\/uploads\/2021\/05\/Kavel-A_02-1-scaled-1.jpg\" alt=\"\" width=\"1030\" height=\"579\" srcset=\"https:\/\/www.prohuis.nl\/wp-content\/uploads\/2021\/05\/Kavel-A_02-1-scaled-1.jpg 1920w, https:\/\/www.prohuis.nl\/wp-content\/uploads\/2021\/05\/Kavel-A_02-1-scaled-1-300x169.jpg 300w, https:\/\/www.prohuis.nl\/wp-content\/uploads\/2021\/05\/Kavel-A_02-1-scaled-1-1024x576.jpg 1024w, https:\/\/www.prohuis.nl\/wp-content\/uploads\/2021\/05\/Kavel-A_02-1-scaled-1-768x432.jpg 768w, https:\/\/www.prohuis.nl\/wp-content\/uploads\/2021\/05\/Kavel-A_02-1-scaled-1-1536x864.jpg 1536w\" sizes=\"(max-width: 1030px) 100vw, 1030px\" \/> <img decoding=\"async\" class=\"alignnone size-large wp-image-5624\" src=\"https:\/\/prohuis.nl\/wp-content\/uploads\/2021\/05\/Kavel-A_01-1-scaled-1.jpg\" alt=\"\" width=\"1030\" height=\"579\" srcset=\"https:\/\/www.prohuis.nl\/wp-content\/uploads\/2021\/05\/Kavel-A_01-1-scaled-1.jpg 1920w, https:\/\/www.prohuis.nl\/wp-content\/uploads\/2021\/05\/Kavel-A_01-1-scaled-1-300x169.jpg 300w, https:\/\/www.prohuis.nl\/wp-content\/uploads\/2021\/05\/Kavel-A_01-1-scaled-1-1024x576.jpg 1024w, https:\/\/www.prohuis.nl\/wp-content\/uploads\/2021\/05\/Kavel-A_01-1-scaled-1-768x432.jpg 768w, https:\/\/www.prohuis.nl\/wp-content\/uploads\/2021\/05\/Kavel-A_01-1-scaled-1-1536x864.jpg 1536w\" sizes=\"(max-width: 1030px) 100vw, 1030px\" \/><\/p>\n","protected":false},"excerpt":{"rendered":"<p>Le permis pour la parcelle A du parc d&rsquo;activit\u00e9s circulaire\u00ab\u00a0Ambachtsezoom\u00a0\u00bb\u00e0 Hendrik Ido Ambacht a \u00e9t\u00e9 demand\u00e9 ! Situ\u00e9 juste \u00e0 l&rsquo;entr\u00e9e du parc, ce complexe durable se compose de 4 unit\u00e9s d&rsquo;affaires\/bureaux de diff\u00e9rentes tailles. Pour plus d&rsquo;informations, contactez Waltmann Bedrijfshuisvesting ou le &lsquo;t GoeieHuys.<\/p>\n","protected":false},"author":1,"featured_media":11886,"comment_status":"closed","ping_status":"closed","sticky":false,"template":"","format":"standard","meta":{"footnotes":""},"categories":[32],"tags":[],"class_list":["post-16300","post","type-post","status-publish","format-standard","has-post-thumbnail","hentry","category-nouvelles"],"_links":{"self":[{"href":"https:\/\/www.prohuis.nl\/fr\/wp-json\/wp\/v2\/posts\/16300","targetHints":{"allow":["GET"]}}],"collection":[{"href":"https:\/\/www.prohuis.nl\/fr\/wp-json\/wp\/v2\/posts"}],"about":[{"href":"https:\/\/www.prohuis.nl\/fr\/wp-json\/wp\/v2\/types\/post"}],"author":[{"embeddable":true,"href":"https:\/\/www.prohuis.nl\/fr\/wp-json\/wp\/v2\/users\/1"}],"replies":[{"embeddable":true,"href":"https:\/\/www.prohuis.nl\/fr\/wp-json\/wp\/v2\/comments?post=16300"}],"version-history":[{"count":1,"href":"https:\/\/www.prohuis.nl\/fr\/wp-json\/wp\/v2\/posts\/16300\/revisions"}],"predecessor-version":[{"id":16305,"href":"https:\/\/www.prohuis.nl\/fr\/wp-json\/wp\/v2\/posts\/16300\/revisions\/16305"}],"wp:featuredmedia":[{"embeddable":true,"href":"https:\/\/www.prohuis.nl\/fr\/wp-json\/wp\/v2\/media\/11886"}],"wp:attachment":[{"href":"https:\/\/www.prohuis.nl\/fr\/wp-json\/wp\/v2\/media?parent=16300"}],"wp:term":[{"taxonomy":"category","embeddable":true,"href":"https:\/\/www.prohuis.nl\/fr\/wp-json\/wp\/v2\/categories?post=16300"},{"taxonomy":"post_tag","embeddable":true,"href":"https:\/\/www.prohuis.nl\/fr\/wp-json\/wp\/v2\/tags?post=16300"}],"curies":[{"name":"wp","href":"https:\/\/api.w.org\/{rel}","templated":true}]}}