{"id":16237,"date":"2022-01-20T14:47:45","date_gmt":"2022-01-20T13:47:45","guid":{"rendered":"https:\/\/prohuis.nl\/avancement-de-la-parcelle-d-ambachtsezoom-a-hendrik-ido-ambacht\/"},"modified":"2022-01-20T14:47:45","modified_gmt":"2022-01-20T13:47:45","slug":"avancement-de-la-parcelle-d-ambachtsezoom-a-hendrik-ido-ambacht","status":"publish","type":"post","link":"https:\/\/www.prohuis.nl\/fr\/avancement-de-la-parcelle-d-ambachtsezoom-a-hendrik-ido-ambacht\/","title":{"rendered":"Avancement de la parcelle D Ambachtsezoom \u00e0 Hendrik Ido Ambacht"},"content":{"rendered":"<p>Au Plot D du parc d&rsquo;affaires <a href=\"https:\/\/www.linkedin.com\/company\/ambachtsezoom\/\" data-attribute-index=\"0\" data-entity-hovercard-id=\"urn:li:fs_miniCompany:12980226\" data-entity-type=\"MINI_COMPANY\" target=\"_blank\" rel=\"noopener\">Ambachtsezoom<\/a>, <a href=\"https:\/\/www.linkedin.com\/company\/vpg-aluminium-ramen-geveltechniek\/\" data-attribute-index=\"2\" data-entity-hovercard-id=\"urn:li:fs_miniCompany:27247118\" data-entity-type=\"MINI_COMPANY\" target=\"_blank\" rel=\"noopener\">VPG Aluminium Ramen &amp; Geveltechniek B.V.<\/a> travaille d&rsquo;arrache-pied \u00e0 la finition des murs-rideaux et des cadres de fen\u00eatres <a href=\"https:\/\/www.linkedin.com\/company\/vpg-aluminium-ramen-geveltechniek\/\" data-attribute-index=\"2\" data-entity-hovercard-id=\"urn:li:fs_miniCompany:27247118\" data-entity-type=\"MINI_COMPANY\" target=\"_blank\" rel=\"noopener\">.<\/a><\/p>\n<p>Ce type de d\u00e9tails ext\u00e9rieurs donne au projet un aspect tr\u00e8s luxueux ! Outre l&rsquo;ext\u00e9rieur, nous accordons \u00e9galement beaucoup d&rsquo;attention \u00e0 la finition de haute qualit\u00e9 de l&rsquo;int\u00e9rieur. Les unit\u00e9s sont livr\u00e9es enti\u00e8rement cl\u00e9s en main.<\/p>\n<p><img fetchpriority=\"high\" decoding=\"async\" class=\"alignnone size-large wp-image-5970\" src=\"https:\/\/prohuis.nl\/wp-content\/uploads\/2022\/01\/1642686311156.jpg\" alt=\"\" width=\"1030\" height=\"772\" srcset=\"https:\/\/www.prohuis.nl\/wp-content\/uploads\/2022\/01\/1642686311156.jpg 1441w, https:\/\/www.prohuis.nl\/wp-content\/uploads\/2022\/01\/1642686311156-300x225.jpg 300w, https:\/\/www.prohuis.nl\/wp-content\/uploads\/2022\/01\/1642686311156-1024x767.jpg 1024w, https:\/\/www.prohuis.nl\/wp-content\/uploads\/2022\/01\/1642686311156-768x576.jpg 768w\" sizes=\"(max-width: 1030px) 100vw, 1030px\" \/><\/p>\n","protected":false},"excerpt":{"rendered":"<p>Au Plot D du parc d&rsquo;affaires Ambachtsezoom, VPG Aluminium Ramen &amp; Geveltechniek B.V. travaille d&rsquo;arrache-pied \u00e0 la finition des murs-rideaux et des cadres de fen\u00eatres . Ce type de d\u00e9tails ext\u00e9rieurs donne au projet un aspect tr\u00e8s luxueux ! Outre l&rsquo;ext\u00e9rieur, nous accordons \u00e9galement beaucoup d&rsquo;attention \u00e0 la finition de haute qualit\u00e9 de l&rsquo;int\u00e9rieur. Les &#8230; <a title=\"Avancement de la parcelle D Ambachtsezoom \u00e0 Hendrik Ido Ambacht\" class=\"read-more\" href=\"https:\/\/www.prohuis.nl\/fr\/avancement-de-la-parcelle-d-ambachtsezoom-a-hendrik-ido-ambacht\/\" aria-label=\"En savoir plus sur Avancement de la parcelle D Ambachtsezoom \u00e0 Hendrik Ido Ambacht\">Lire la suite<\/a><\/p>\n","protected":false},"author":1,"featured_media":11952,"comment_status":"closed","ping_status":"closed","sticky":false,"template":"","format":"standard","meta":{"footnotes":""},"categories":[32],"tags":[],"class_list":["post-16237","post","type-post","status-publish","format-standard","has-post-thumbnail","hentry","category-nouvelles"],"_links":{"self":[{"href":"https:\/\/www.prohuis.nl\/fr\/wp-json\/wp\/v2\/posts\/16237","targetHints":{"allow":["GET"]}}],"collection":[{"href":"https:\/\/www.prohuis.nl\/fr\/wp-json\/wp\/v2\/posts"}],"about":[{"href":"https:\/\/www.prohuis.nl\/fr\/wp-json\/wp\/v2\/types\/post"}],"author":[{"embeddable":true,"href":"https:\/\/www.prohuis.nl\/fr\/wp-json\/wp\/v2\/users\/1"}],"replies":[{"embeddable":true,"href":"https:\/\/www.prohuis.nl\/fr\/wp-json\/wp\/v2\/comments?post=16237"}],"version-history":[{"count":0,"href":"https:\/\/www.prohuis.nl\/fr\/wp-json\/wp\/v2\/posts\/16237\/revisions"}],"wp:featuredmedia":[{"embeddable":true,"href":"https:\/\/www.prohuis.nl\/fr\/wp-json\/wp\/v2\/media\/11952"}],"wp:attachment":[{"href":"https:\/\/www.prohuis.nl\/fr\/wp-json\/wp\/v2\/media?parent=16237"}],"wp:term":[{"taxonomy":"category","embeddable":true,"href":"https:\/\/www.prohuis.nl\/fr\/wp-json\/wp\/v2\/categories?post=16237"},{"taxonomy":"post_tag","embeddable":true,"href":"https:\/\/www.prohuis.nl\/fr\/wp-json\/wp\/v2\/tags?post=16237"}],"curies":[{"name":"wp","href":"https:\/\/api.w.org\/{rel}","templated":true}]}}