{"id":16220,"date":"2022-02-14T12:10:45","date_gmt":"2022-02-14T11:10:45","guid":{"rendered":"https:\/\/prohuis.nl\/developpements-ambachtsezoom-hendrik-ido-ambacht\/"},"modified":"2022-10-17T16:52:29","modified_gmt":"2022-10-17T14:52:29","slug":"developpements-ambachtsezoom-hendrik-ido-ambacht","status":"publish","type":"post","link":"https:\/\/www.prohuis.nl\/fr\/developpements-ambachtsezoom-hendrik-ido-ambacht\/","title":{"rendered":"D\u00e9veloppements Ambachtsezoom Hendrik ido Ambacht"},"content":{"rendered":"<p>Quels merveilleux d\u00e9veloppements nous r\u00e9alisons dans le parc d&rsquo;activit\u00e9s durables<a href=\"https:\/\/www.linkedin.com\/company\/ambachtsezoom\/\" data-attribute-index=\"0\" data-entity-hovercard-id=\"urn:li:fs_miniCompany:12980226\" data-entity-type=\"MINI_COMPANY\" target=\"_blank\" rel=\"noopener\">\u00ab\u00a0Ambachtsezoom\u00a0\u00bb<\/a>\u00e0 Hendrik Ido Ambacht.<\/p>\n<p>Ces unit\u00e9s commerciales\/bureaux durables conviennent parfaitement \u00e0 un entrepreneur \u00e0 la recherche d&rsquo;un logement \u00e9cologique ! \ud83d\udc9a<\/p>\n<p><img fetchpriority=\"high\" decoding=\"async\" class=\"alignnone size-large wp-image-5982\" src=\"https:\/\/prohuis.nl\/wp-content\/uploads\/2022\/02\/1644324510849.jpg\" alt=\"\" width=\"1030\" height=\"435\" srcset=\"https:\/\/www.prohuis.nl\/wp-content\/uploads\/2022\/02\/1644324510849.jpg 1123w, https:\/\/www.prohuis.nl\/wp-content\/uploads\/2022\/02\/1644324510849-300x127.jpg 300w, https:\/\/www.prohuis.nl\/wp-content\/uploads\/2022\/02\/1644324510849-1024x432.jpg 1024w, https:\/\/www.prohuis.nl\/wp-content\/uploads\/2022\/02\/1644324510849-768x324.jpg 768w\" sizes=\"(max-width: 1030px) 100vw, 1030px\" \/><\/p>\n","protected":false},"excerpt":{"rendered":"<p>Quels merveilleux d\u00e9veloppements nous r\u00e9alisons dans le parc d&rsquo;activit\u00e9s durables\u00ab\u00a0Ambachtsezoom\u00a0\u00bb\u00e0 Hendrik Ido Ambacht. Ces unit\u00e9s commerciales\/bureaux durables conviennent parfaitement \u00e0 un entrepreneur \u00e0 la recherche d&rsquo;un logement \u00e9cologique ! \ud83d\udc9a<\/p>\n","protected":false},"author":1,"featured_media":11962,"comment_status":"closed","ping_status":"closed","sticky":false,"template":"","format":"standard","meta":{"footnotes":""},"categories":[32],"tags":[],"class_list":["post-16220","post","type-post","status-publish","format-standard","has-post-thumbnail","hentry","category-nouvelles"],"_links":{"self":[{"href":"https:\/\/www.prohuis.nl\/fr\/wp-json\/wp\/v2\/posts\/16220","targetHints":{"allow":["GET"]}}],"collection":[{"href":"https:\/\/www.prohuis.nl\/fr\/wp-json\/wp\/v2\/posts"}],"about":[{"href":"https:\/\/www.prohuis.nl\/fr\/wp-json\/wp\/v2\/types\/post"}],"author":[{"embeddable":true,"href":"https:\/\/www.prohuis.nl\/fr\/wp-json\/wp\/v2\/users\/1"}],"replies":[{"embeddable":true,"href":"https:\/\/www.prohuis.nl\/fr\/wp-json\/wp\/v2\/comments?post=16220"}],"version-history":[{"count":1,"href":"https:\/\/www.prohuis.nl\/fr\/wp-json\/wp\/v2\/posts\/16220\/revisions"}],"predecessor-version":[{"id":16221,"href":"https:\/\/www.prohuis.nl\/fr\/wp-json\/wp\/v2\/posts\/16220\/revisions\/16221"}],"wp:featuredmedia":[{"embeddable":true,"href":"https:\/\/www.prohuis.nl\/fr\/wp-json\/wp\/v2\/media\/11962"}],"wp:attachment":[{"href":"https:\/\/www.prohuis.nl\/fr\/wp-json\/wp\/v2\/media?parent=16220"}],"wp:term":[{"taxonomy":"category","embeddable":true,"href":"https:\/\/www.prohuis.nl\/fr\/wp-json\/wp\/v2\/categories?post=16220"},{"taxonomy":"post_tag","embeddable":true,"href":"https:\/\/www.prohuis.nl\/fr\/wp-json\/wp\/v2\/tags?post=16220"}],"curies":[{"name":"wp","href":"https:\/\/api.w.org\/{rel}","templated":true}]}}