{"id":15399,"date":"2022-06-01T16:00:57","date_gmt":"2022-06-01T14:00:57","guid":{"rendered":"https:\/\/prohuis.nl\/lentreprise-ambacht-ambipack-b-v-demenage-de-de-sandeling-vers-le-parc-dactivites-circulaire-ambachtsezoom\/"},"modified":"2022-10-17T16:42:15","modified_gmt":"2022-10-17T14:42:15","slug":"lentreprise-ambacht-ambipack-b-v-demenage-de-de-sandeling-vers-le-parc-dactivites-circulaire-ambachtsezoom","status":"publish","type":"post","link":"https:\/\/www.prohuis.nl\/fr\/lentreprise-ambacht-ambipack-b-v-demenage-de-de-sandeling-vers-le-parc-dactivites-circulaire-ambachtsezoom\/","title":{"rendered":"L&rsquo;entreprise Ambacht AmbiPack B.V. d\u00e9m\u00e9nage de De Sandeling vers le parc d&rsquo;activit\u00e9s circulaire Ambachtsezoom."},"content":{"rendered":"<p>L&rsquo;entreprise Ambacht <a href=\"https:\/\/www.linkedin.com\/company\/ambipack-b-v-\/\" data-attribute-index=\"0\" data-entity-hovercard-id=\"urn:li:fs_miniCompany:1250741\" data-entity-type=\"MINI_COMPANY\" target=\"_blank\" rel=\"noopener\">AmbiPack B.V<\/a>. d\u00e9m\u00e9nage de De Sandeling vers le parc d&rsquo;activit\u00e9s circulaire <a href=\"https:\/\/www.linkedin.com\/company\/ambachtsezoom\/\" data-attribute-index=\"2\" data-entity-hovercard-id=\"urn:li:fs_miniCompany:12980226\" data-entity-type=\"MINI_COMPANY\" target=\"_blank\" rel=\"noopener\">Ambachtsezoom<\/a>.<\/p>\n<p>Ambachtezoom BV &#8211; une collaboration de Prohuis BV et Jan Tio Holding BV, entre autres &#8211; a sign\u00e9 hier le contrat d&rsquo;achat d&rsquo;un terrain commercial avec la municipalit\u00e9 de Hendrik-Ido-Ambacht.<\/p>\n<p>Le terrain de pr\u00e8s de 11 400 m\u00b2 situ\u00e9 sur la Kringloopweg comprendra un total de 5 210 m\u00b2 d&rsquo;espace industriel, 2 585 m\u00b2 d&rsquo;espace de bureaux et 140 places de parking. Ambi Pack propose des solutions de haute qualit\u00e9 dans le domaine des compl\u00e9ments alimentaires, des dispositifs m\u00e9dicaux, des cosm\u00e9tiques et des m\u00e9dicaments. Fond\u00e9e en 1998 par Jan Tio, la soci\u00e9t\u00e9 est une v\u00e9ritable entreprise familiale. Elle emploie plus de 100 personnes, dont beaucoup sont originaires de Hendrik-Ido-Ambacht ou de Zwijndrecht.<\/p>\n<p>Ambi Pack est maintenant situ\u00e9 dans le parc d&rsquo;affaires De Sandeling \u00e0 Hendrik-Ido-Ambacht. L&rsquo;entreprise a ainsi trouv\u00e9 un nouvel h\u00e9bergement durable au sein de sa propre municipalit\u00e9.<br \/>\nBjorn Hollegien, directeur d&rsquo;Ambi Pack, d\u00e9clare : \u00ab\u00a0Le d\u00e9m\u00e9nagement vers Ambachtsezoom est une \u00e9tape n\u00e9cessaire pour nous permettre de nous professionnaliser et de nous d\u00e9velopper davantage. Nous avons maintenant environ 15 adresses sur De Sandeling. C&rsquo;est notre chance de tout rassembler sous un m\u00eame toit. C&rsquo;est beaucoup plus efficace ! Nos clients appr\u00e9cient \u00e9galement que nous choisissions d&rsquo;avoir des locaux circulaires\u00a0\u00bb.<br \/>\nL&rsquo;\u00e9chevin Andr\u00e9 Flach (\u00e9conomie) : \u00ab\u00a0Je suis tr\u00e8s heureux qu&rsquo;Ambi Pack soit maintenu pour Hendrik-Ido-Ambacht gr\u00e2ce \u00e0 leur d\u00e9m\u00e9nagement dans de nouveaux locaux circulaires spacieux sur Ambachtsezoom. C&rsquo;est une bonne nouvelle pour les salari\u00e9s et pour l&#8217;emploi dans la commune.\u00a0\u00bb<\/p>\n<p><img fetchpriority=\"high\" decoding=\"async\" class=\"alignnone size-large wp-image-6272\" src=\"https:\/\/prohuis.nl\/wp-content\/uploads\/2022\/06\/1.jpg\" alt=\"\" width=\"1030\" height=\"773\" srcset=\"https:\/\/www.prohuis.nl\/wp-content\/uploads\/2022\/06\/1.jpg 1280w, https:\/\/www.prohuis.nl\/wp-content\/uploads\/2022\/06\/1-300x225.jpg 300w, https:\/\/www.prohuis.nl\/wp-content\/uploads\/2022\/06\/1-1024x768.jpg 1024w, https:\/\/www.prohuis.nl\/wp-content\/uploads\/2022\/06\/1-768x576.jpg 768w\" sizes=\"(max-width: 1030px) 100vw, 1030px\" \/> <img decoding=\"async\" class=\"alignnone size-large wp-image-6273\" src=\"https:\/\/prohuis.nl\/wp-content\/uploads\/2022\/06\/2.jpg\" alt=\"\" width=\"1030\" height=\"580\" srcset=\"https:\/\/www.prohuis.nl\/wp-content\/uploads\/2022\/06\/2.jpg 1706w, https:\/\/www.prohuis.nl\/wp-content\/uploads\/2022\/06\/2-300x169.jpg 300w, https:\/\/www.prohuis.nl\/wp-content\/uploads\/2022\/06\/2-1024x576.jpg 1024w, https:\/\/www.prohuis.nl\/wp-content\/uploads\/2022\/06\/2-768x432.jpg 768w, https:\/\/www.prohuis.nl\/wp-content\/uploads\/2022\/06\/2-1536x864.jpg 1536w\" sizes=\"(max-width: 1030px) 100vw, 1030px\" \/> <img decoding=\"async\" class=\"alignnone size-large wp-image-6274\" src=\"https:\/\/prohuis.nl\/wp-content\/uploads\/2022\/06\/3.jpg\" alt=\"\" width=\"1030\" height=\"580\" srcset=\"https:\/\/www.prohuis.nl\/wp-content\/uploads\/2022\/06\/3.jpg 1706w, https:\/\/www.prohuis.nl\/wp-content\/uploads\/2022\/06\/3-300x169.jpg 300w, https:\/\/www.prohuis.nl\/wp-content\/uploads\/2022\/06\/3-1024x576.jpg 1024w, https:\/\/www.prohuis.nl\/wp-content\/uploads\/2022\/06\/3-768x432.jpg 768w, https:\/\/www.prohuis.nl\/wp-content\/uploads\/2022\/06\/3-1536x864.jpg 1536w\" sizes=\"(max-width: 1030px) 100vw, 1030px\" \/><\/p>\n","protected":false},"excerpt":{"rendered":"<p>L&rsquo;entreprise Ambacht AmbiPack B.V. d\u00e9m\u00e9nage de De Sandeling vers le parc d&rsquo;activit\u00e9s circulaire Ambachtsezoom. Ambachtezoom BV &#8211; une collaboration de Prohuis BV et Jan Tio Holding BV, entre autres &#8211; a sign\u00e9 hier le contrat d&rsquo;achat d&rsquo;un terrain commercial avec la municipalit\u00e9 de Hendrik-Ido-Ambacht. Le terrain de pr\u00e8s de 11 400 m\u00b2 situ\u00e9 sur la &#8230; <a title=\"L&rsquo;entreprise Ambacht AmbiPack B.V. d\u00e9m\u00e9nage de De Sandeling vers le parc d&rsquo;activit\u00e9s circulaire Ambachtsezoom.\" class=\"read-more\" href=\"https:\/\/www.prohuis.nl\/fr\/lentreprise-ambacht-ambipack-b-v-demenage-de-de-sandeling-vers-le-parc-dactivites-circulaire-ambachtsezoom\/\" aria-label=\"En savoir plus sur L&rsquo;entreprise Ambacht AmbiPack B.V. d\u00e9m\u00e9nage de De Sandeling vers le parc d&rsquo;activit\u00e9s circulaire Ambachtsezoom.\">Lire la suite<\/a><\/p>\n","protected":false},"author":1,"featured_media":12000,"comment_status":"closed","ping_status":"closed","sticky":false,"template":"","format":"standard","meta":{"footnotes":""},"categories":[32],"tags":[],"class_list":["post-15399","post","type-post","status-publish","format-standard","has-post-thumbnail","hentry","category-nouvelles"],"_links":{"self":[{"href":"https:\/\/www.prohuis.nl\/fr\/wp-json\/wp\/v2\/posts\/15399","targetHints":{"allow":["GET"]}}],"collection":[{"href":"https:\/\/www.prohuis.nl\/fr\/wp-json\/wp\/v2\/posts"}],"about":[{"href":"https:\/\/www.prohuis.nl\/fr\/wp-json\/wp\/v2\/types\/post"}],"author":[{"embeddable":true,"href":"https:\/\/www.prohuis.nl\/fr\/wp-json\/wp\/v2\/users\/1"}],"replies":[{"embeddable":true,"href":"https:\/\/www.prohuis.nl\/fr\/wp-json\/wp\/v2\/comments?post=15399"}],"version-history":[{"count":2,"href":"https:\/\/www.prohuis.nl\/fr\/wp-json\/wp\/v2\/posts\/15399\/revisions"}],"predecessor-version":[{"id":16183,"href":"https:\/\/www.prohuis.nl\/fr\/wp-json\/wp\/v2\/posts\/15399\/revisions\/16183"}],"wp:featuredmedia":[{"embeddable":true,"href":"https:\/\/www.prohuis.nl\/fr\/wp-json\/wp\/v2\/media\/12000"}],"wp:attachment":[{"href":"https:\/\/www.prohuis.nl\/fr\/wp-json\/wp\/v2\/media?parent=15399"}],"wp:term":[{"taxonomy":"category","embeddable":true,"href":"https:\/\/www.prohuis.nl\/fr\/wp-json\/wp\/v2\/categories?post=15399"},{"taxonomy":"post_tag","embeddable":true,"href":"https:\/\/www.prohuis.nl\/fr\/wp-json\/wp\/v2\/tags?post=15399"}],"curies":[{"name":"wp","href":"https:\/\/api.w.org\/{rel}","templated":true}]}}