{"id":15385,"date":"2022-06-16T08:51:25","date_gmt":"2022-06-16T06:51:25","guid":{"rendered":"https:\/\/prohuis.nl\/laccord-abn-ambro-ratifie-a-provada\/"},"modified":"2022-10-17T16:39:18","modified_gmt":"2022-10-17T14:39:18","slug":"laccord-abn-ambro-ratifie-a-provada","status":"publish","type":"post","link":"https:\/\/www.prohuis.nl\/fr\/laccord-abn-ambro-ratifie-a-provada\/","title":{"rendered":"L&rsquo;accord ABN-Ambro ratifi\u00e9 \u00e0 Provada"},"content":{"rendered":"<p>Invit\u00e9 aujourd&rsquo;hui par <a href=\"https:\/\/www.linkedin.com\/company\/abn-amro\/\" data-attribute-index=\"0\" data-entity-hovercard-id=\"urn:li:fs_miniCompany:1173\" data-entity-type=\"MINI_COMPANY\" target=\"_blank\" rel=\"noopener\">ABN AMRO Bank N.V.<\/a> \u00e0 <a href=\"https:\/\/www.linkedin.com\/company\/provada\/\" data-attribute-index=\"2\" data-entity-hovercard-id=\"urn:li:fs_miniCompany:2719753\" data-entity-type=\"MINI_COMPANY\" target=\"_blank\" rel=\"noopener\">PROVADA<\/a>. Nous venons de signer l&rsquo;accord pour la r\u00e9alisation de ce b\u00e2timent logistique enti\u00e8rement circulaire dans le parc d&rsquo;affaires <a href=\"https:\/\/www.linkedin.com\/company\/ambachtsezoom\/\" data-attribute-index=\"4\" data-entity-hovercard-id=\"urn:li:fs_miniCompany:12980226\" data-entity-type=\"MINI_COMPANY\" target=\"_blank\" rel=\"noopener\">Ambachtsezoom<\/a> \u00e0 Hendrik Ido Ambacht.<\/p>\n<p>Le complexe est lou\u00e9 \u00e0 long terme \u00e0 <a href=\"https:\/\/www.linkedin.com\/company\/ambipack-b-v-\/\" data-attribute-index=\"6\" data-entity-hovercard-id=\"urn:li:fs_miniCompany:1250741\" data-entity-type=\"MINI_COMPANY\" target=\"_blank\" rel=\"noopener\">AmbiPack B.V<\/a>.<\/p>\n<p>Nous remercions <a href=\"https:\/\/www.linkedin.com\/in\/ACoAABFzIKEBzplChY99ut0jPsoRmdn9PimYajY\" data-attribute-index=\"8\" data-entity-hovercard-id=\"urn:li:fs_miniProfile:ACoAABFzIKEBzplChY99ut0jPsoRmdn9PimYajY\" data-entity-type=\"MINI_PROFILE\" target=\"_blank\" rel=\"noopener\">Jaap Spruyt<\/a> pour son agr\u00e9able collaboration et nous nous r\u00e9jouissons de commencer la construction en ao\u00fbt.<\/p>\n<p><img fetchpriority=\"high\" decoding=\"async\" class=\"alignnone size-large wp-image-6350\" src=\"https:\/\/prohuis.nl\/wp-content\/uploads\/2022\/06\/sgfdsgdsfg.jpg\" alt=\"\" width=\"1030\" height=\"773\" srcset=\"https:\/\/www.prohuis.nl\/wp-content\/uploads\/2022\/06\/sgfdsgdsfg.jpg 1125w, https:\/\/www.prohuis.nl\/wp-content\/uploads\/2022\/06\/sgfdsgdsfg-300x225.jpg 300w, https:\/\/www.prohuis.nl\/wp-content\/uploads\/2022\/06\/sgfdsgdsfg-1024x768.jpg 1024w, https:\/\/www.prohuis.nl\/wp-content\/uploads\/2022\/06\/sgfdsgdsfg-768x576.jpg 768w\" sizes=\"(max-width: 1030px) 100vw, 1030px\" \/><\/p>\n","protected":false},"excerpt":{"rendered":"<p>Invit\u00e9 aujourd&rsquo;hui par ABN AMRO Bank N.V. \u00e0 PROVADA. Nous venons de signer l&rsquo;accord pour la r\u00e9alisation de ce b\u00e2timent logistique enti\u00e8rement circulaire dans le parc d&rsquo;affaires Ambachtsezoom \u00e0 Hendrik Ido Ambacht. Le complexe est lou\u00e9 \u00e0 long terme \u00e0 AmbiPack B.V. Nous remercions Jaap Spruyt pour son agr\u00e9able collaboration et nous nous r\u00e9jouissons de &#8230; <a title=\"L&rsquo;accord ABN-Ambro ratifi\u00e9 \u00e0 Provada\" class=\"read-more\" href=\"https:\/\/www.prohuis.nl\/fr\/laccord-abn-ambro-ratifie-a-provada\/\" aria-label=\"En savoir plus sur L&rsquo;accord ABN-Ambro ratifi\u00e9 \u00e0 Provada\">Lire la suite<\/a><\/p>\n","protected":false},"author":1,"featured_media":12012,"comment_status":"closed","ping_status":"closed","sticky":false,"template":"","format":"standard","meta":{"footnotes":""},"categories":[32],"tags":[],"class_list":["post-15385","post","type-post","status-publish","format-standard","has-post-thumbnail","hentry","category-nouvelles"],"_links":{"self":[{"href":"https:\/\/www.prohuis.nl\/fr\/wp-json\/wp\/v2\/posts\/15385","targetHints":{"allow":["GET"]}}],"collection":[{"href":"https:\/\/www.prohuis.nl\/fr\/wp-json\/wp\/v2\/posts"}],"about":[{"href":"https:\/\/www.prohuis.nl\/fr\/wp-json\/wp\/v2\/types\/post"}],"author":[{"embeddable":true,"href":"https:\/\/www.prohuis.nl\/fr\/wp-json\/wp\/v2\/users\/1"}],"replies":[{"embeddable":true,"href":"https:\/\/www.prohuis.nl\/fr\/wp-json\/wp\/v2\/comments?post=15385"}],"version-history":[{"count":1,"href":"https:\/\/www.prohuis.nl\/fr\/wp-json\/wp\/v2\/posts\/15385\/revisions"}],"predecessor-version":[{"id":16171,"href":"https:\/\/www.prohuis.nl\/fr\/wp-json\/wp\/v2\/posts\/15385\/revisions\/16171"}],"wp:featuredmedia":[{"embeddable":true,"href":"https:\/\/www.prohuis.nl\/fr\/wp-json\/wp\/v2\/media\/12012"}],"wp:attachment":[{"href":"https:\/\/www.prohuis.nl\/fr\/wp-json\/wp\/v2\/media?parent=15385"}],"wp:term":[{"taxonomy":"category","embeddable":true,"href":"https:\/\/www.prohuis.nl\/fr\/wp-json\/wp\/v2\/categories?post=15385"},{"taxonomy":"post_tag","embeddable":true,"href":"https:\/\/www.prohuis.nl\/fr\/wp-json\/wp\/v2\/tags?post=15385"}],"curies":[{"name":"wp","href":"https:\/\/api.w.org\/{rel}","templated":true}]}}