{"id":15372,"date":"2022-03-01T13:12:49","date_gmt":"2022-03-01T12:12:49","guid":{"rendered":"https:\/\/prohuis.nl\/1ere-pile-de-developpement-du-parc-daffaires-heron-a-nootdorp\/"},"modified":"2022-10-17T16:51:36","modified_gmt":"2022-10-17T14:51:36","slug":"1ere-pile-de-developpement-du-parc-daffaires-heron-a-nootdorp","status":"publish","type":"post","link":"https:\/\/www.prohuis.nl\/fr\/1ere-pile-de-developpement-du-parc-daffaires-heron-a-nootdorp\/","title":{"rendered":"1\u00e8re pile de d\u00e9veloppement du parc d&rsquo;affaires Heron \u00e0 Nootdorp !"},"content":{"rendered":"<p>La premi\u00e8re pile de ce magnifique nouveau d\u00e9veloppement sur le parc d&rsquo;affaires \u00ab\u00a0Heron\u00a0\u00bb \u00e0 Nootdorp est un fait !<\/p>\n<p>Le complexe est lou\u00e9 \u00e0 long terme \u00e0 <a href=\"https:\/\/www.linkedin.com\/company\/voerman\/\" data-attribute-index=\"0\" data-entity-hovercard-id=\"urn:li:fs_miniCompany:78192\" data-entity-type=\"MINI_COMPANY\" target=\"_blank\" rel=\"noopener\">Voerman<\/a>, entre autres. Nous souhaitons \u00e0 <a href=\"https:\/\/www.linkedin.com\/company\/willynaessens-nederland\/\" data-attribute-index=\"2\" data-entity-hovercard-id=\"urn:li:fs_miniCompany:42357615\" data-entity-type=\"MINI_COMPANY\" target=\"_blank\" rel=\"noopener\">Willy Naessens NEDERLAND<\/a> beaucoup de succ\u00e8s dans la p\u00e9riode \u00e0 venir avec la construction.<\/p>\n<p><img fetchpriority=\"high\" decoding=\"async\" class=\"alignnone size-large wp-image-6012\" src=\"https:\/\/prohuis.nl\/wp-content\/uploads\/2022\/03\/1.jpg\" alt=\"\" width=\"1030\" height=\"502\" srcset=\"https:\/\/www.prohuis.nl\/wp-content\/uploads\/2022\/03\/1.jpg 1500w, https:\/\/www.prohuis.nl\/wp-content\/uploads\/2022\/03\/1-300x146.jpg 300w, https:\/\/www.prohuis.nl\/wp-content\/uploads\/2022\/03\/1-1024x499.jpg 1024w, https:\/\/www.prohuis.nl\/wp-content\/uploads\/2022\/03\/1-768x374.jpg 768w\" sizes=\"(max-width: 1030px) 100vw, 1030px\" \/> <img decoding=\"async\" class=\"alignnone size-large wp-image-6013\" src=\"https:\/\/prohuis.nl\/wp-content\/uploads\/2022\/03\/2.jpg\" alt=\"\" width=\"1030\" height=\"580\" srcset=\"https:\/\/www.prohuis.nl\/wp-content\/uploads\/2022\/03\/2.jpg 1706w, https:\/\/www.prohuis.nl\/wp-content\/uploads\/2022\/03\/2-300x169.jpg 300w, https:\/\/www.prohuis.nl\/wp-content\/uploads\/2022\/03\/2-1024x576.jpg 1024w, https:\/\/www.prohuis.nl\/wp-content\/uploads\/2022\/03\/2-768x432.jpg 768w, https:\/\/www.prohuis.nl\/wp-content\/uploads\/2022\/03\/2-1536x864.jpg 1536w\" sizes=\"(max-width: 1030px) 100vw, 1030px\" \/> <img decoding=\"async\" class=\"alignnone size-large wp-image-6014\" src=\"https:\/\/prohuis.nl\/wp-content\/uploads\/2022\/03\/3.jpg\" alt=\"\" width=\"1030\" height=\"580\" srcset=\"https:\/\/www.prohuis.nl\/wp-content\/uploads\/2022\/03\/3.jpg 1706w, https:\/\/www.prohuis.nl\/wp-content\/uploads\/2022\/03\/3-300x169.jpg 300w, https:\/\/www.prohuis.nl\/wp-content\/uploads\/2022\/03\/3-1024x576.jpg 1024w, https:\/\/www.prohuis.nl\/wp-content\/uploads\/2022\/03\/3-768x432.jpg 768w, https:\/\/www.prohuis.nl\/wp-content\/uploads\/2022\/03\/3-1536x864.jpg 1536w\" sizes=\"(max-width: 1030px) 100vw, 1030px\" \/><\/p>\n","protected":false},"excerpt":{"rendered":"<p>La premi\u00e8re pile de ce magnifique nouveau d\u00e9veloppement sur le parc d&rsquo;affaires \u00ab\u00a0Heron\u00a0\u00bb \u00e0 Nootdorp est un fait ! Le complexe est lou\u00e9 \u00e0 long terme \u00e0 Voerman, entre autres. Nous souhaitons \u00e0 Willy Naessens NEDERLAND beaucoup de succ\u00e8s dans la p\u00e9riode \u00e0 venir avec la construction.<\/p>\n","protected":false},"author":1,"featured_media":11974,"comment_status":"closed","ping_status":"closed","sticky":false,"template":"","format":"standard","meta":{"footnotes":""},"categories":[32],"tags":[],"class_list":["post-15372","post","type-post","status-publish","format-standard","has-post-thumbnail","hentry","category-nouvelles"],"_links":{"self":[{"href":"https:\/\/www.prohuis.nl\/fr\/wp-json\/wp\/v2\/posts\/15372","targetHints":{"allow":["GET"]}}],"collection":[{"href":"https:\/\/www.prohuis.nl\/fr\/wp-json\/wp\/v2\/posts"}],"about":[{"href":"https:\/\/www.prohuis.nl\/fr\/wp-json\/wp\/v2\/types\/post"}],"author":[{"embeddable":true,"href":"https:\/\/www.prohuis.nl\/fr\/wp-json\/wp\/v2\/users\/1"}],"replies":[{"embeddable":true,"href":"https:\/\/www.prohuis.nl\/fr\/wp-json\/wp\/v2\/comments?post=15372"}],"version-history":[{"count":1,"href":"https:\/\/www.prohuis.nl\/fr\/wp-json\/wp\/v2\/posts\/15372\/revisions"}],"predecessor-version":[{"id":16205,"href":"https:\/\/www.prohuis.nl\/fr\/wp-json\/wp\/v2\/posts\/15372\/revisions\/16205"}],"wp:featuredmedia":[{"embeddable":true,"href":"https:\/\/www.prohuis.nl\/fr\/wp-json\/wp\/v2\/media\/11974"}],"wp:attachment":[{"href":"https:\/\/www.prohuis.nl\/fr\/wp-json\/wp\/v2\/media?parent=15372"}],"wp:term":[{"taxonomy":"category","embeddable":true,"href":"https:\/\/www.prohuis.nl\/fr\/wp-json\/wp\/v2\/categories?post=15372"},{"taxonomy":"post_tag","embeddable":true,"href":"https:\/\/www.prohuis.nl\/fr\/wp-json\/wp\/v2\/tags?post=15372"}],"curies":[{"name":"wp","href":"https:\/\/api.w.org\/{rel}","templated":true}]}}