{"id":20360,"date":"2023-08-08T13:24:55","date_gmt":"2023-08-08T11:24:55","guid":{"rendered":"https:\/\/www.prohuis.nl\/levering-af-9-baeredygtige-og-faerdige-industri-kontorenheder-af-meget-hoej-kvalitet-zwijndrecht\/"},"modified":"2023-08-08T13:25:03","modified_gmt":"2023-08-08T11:25:03","slug":"levering-af-9-baeredygtige-og-faerdige-industri-kontorenheder-af-meget-hoej-kvalitet-zwijndrecht","status":"publish","type":"post","link":"https:\/\/www.prohuis.nl\/da\/levering-af-9-baeredygtige-og-faerdige-industri-kontorenheder-af-meget-hoej-kvalitet-zwijndrecht\/","title":{"rendered":"Levering af 9 b\u00e6redygtige og f\u00e6rdige industri-\/kontorenheder af meget h\u00f8j kvalitet Zwijndrecht"},"content":{"rendered":"<p>Vi n\u00e6rmer os afslutningen p\u00e5 byggeperioden for 9 b\u00e6redygtige og f\u00e6rdige erhvervs-\/kontorenheder af meget h\u00f8j kvalitet i erhvervsparken &#8216;Bakestein&#8217; i Zwijndrecht. F\u00e6rdigg\u00f8relsen er planlagt til 1. september 2023!<\/p>\n<p>Etagearealerne varierer fra 158 m\u00b2 industriareal med ca. 80 m\u00b2 kontorareal til ca. 569 m\u00b2 industriareal med ca. 100 m\u00b2 kontorareal. Det er muligt at sammenkoble enheder.<\/p>\n<p>Hvis du er interesseret, vil vi gerne invitere dig til en fremvisning. Det g\u00f8r du ved at kontakte <a href=\"https:\/\/www.linkedin.com\/company\/van-vliet-bedrijfsmakelaars-bv\/\" data-attribute-index=\"0\" data-entity-type=\"MINI_COMPANY\" target=\"_blank\" rel=\"noopener\">Van Vliet bedrijfsmakelaars &amp; adviseurs<\/a> bedrijfsmakelaars eller <a href=\"https:\/\/www.linkedin.com\/company\/&#039;t-goeiehuys\/\" data-attribute-index=\"2\" data-entity-type=\"MINI_COMPANY\" target=\"_blank\" rel=\"noopener\">&#8216;t GoeieHuys<\/a>.<\/p>\n<figure id=\"attachment_20345\" aria-describedby=\"caption-attachment-20345\" style=\"width: 2550px\" class=\"wp-caption alignnone\"><img fetchpriority=\"high\" decoding=\"async\" class=\"size-full wp-image-20345\" src=\"https:\/\/www.prohuis.nl\/wp-content\/uploads\/2023\/08\/1-1-scaled.jpg\" alt=\"\" width=\"2560\" height=\"1920\" srcset=\"https:\/\/www.prohuis.nl\/wp-content\/uploads\/2023\/08\/1-1-scaled.jpg 2560w, https:\/\/www.prohuis.nl\/wp-content\/uploads\/2023\/08\/1-1-300x225.jpg 300w, https:\/\/www.prohuis.nl\/wp-content\/uploads\/2023\/08\/1-1-1024x768.jpg 1024w, https:\/\/www.prohuis.nl\/wp-content\/uploads\/2023\/08\/1-1-768x576.jpg 768w, https:\/\/www.prohuis.nl\/wp-content\/uploads\/2023\/08\/1-1-1536x1152.jpg 1536w, https:\/\/www.prohuis.nl\/wp-content\/uploads\/2023\/08\/1-1-2048x1536.jpg 2048w\" sizes=\"(max-width: 2560px) 100vw, 2560px\" \/><figcaption id=\"caption-attachment-20345\" class=\"wp-caption-text\">standard<\/figcaption><\/figure>\n<figure id=\"attachment_20349\" aria-describedby=\"caption-attachment-20349\" style=\"width: 2550px\" class=\"wp-caption alignnone\"><img decoding=\"async\" class=\"size-full wp-image-20349\" src=\"https:\/\/www.prohuis.nl\/wp-content\/uploads\/2023\/08\/2-1-scaled.jpg\" alt=\"\" width=\"2560\" height=\"1920\" srcset=\"https:\/\/www.prohuis.nl\/wp-content\/uploads\/2023\/08\/2-1-scaled.jpg 2560w, https:\/\/www.prohuis.nl\/wp-content\/uploads\/2023\/08\/2-1-300x225.jpg 300w, https:\/\/www.prohuis.nl\/wp-content\/uploads\/2023\/08\/2-1-1024x768.jpg 1024w, https:\/\/www.prohuis.nl\/wp-content\/uploads\/2023\/08\/2-1-768x576.jpg 768w, https:\/\/www.prohuis.nl\/wp-content\/uploads\/2023\/08\/2-1-1536x1152.jpg 1536w, https:\/\/www.prohuis.nl\/wp-content\/uploads\/2023\/08\/2-1-2048x1536.jpg 2048w\" sizes=\"(max-width: 2560px) 100vw, 2560px\" \/><figcaption id=\"caption-attachment-20349\" class=\"wp-caption-text\">standard<\/figcaption><\/figure>\n<p><img decoding=\"async\" class=\"alignnone size-full wp-image-20353\" src=\"https:\/\/www.prohuis.nl\/wp-content\/uploads\/2023\/08\/3-1-scaled.jpg\" alt=\"\" width=\"2560\" height=\"1920\" srcset=\"https:\/\/www.prohuis.nl\/wp-content\/uploads\/2023\/08\/3-1-scaled.jpg 2560w, https:\/\/www.prohuis.nl\/wp-content\/uploads\/2023\/08\/3-1-300x225.jpg 300w, https:\/\/www.prohuis.nl\/wp-content\/uploads\/2023\/08\/3-1-1024x768.jpg 1024w, https:\/\/www.prohuis.nl\/wp-content\/uploads\/2023\/08\/3-1-768x576.jpg 768w, https:\/\/www.prohuis.nl\/wp-content\/uploads\/2023\/08\/3-1-1536x1152.jpg 1536w, https:\/\/www.prohuis.nl\/wp-content\/uploads\/2023\/08\/3-1-2048x1536.jpg 2048w\" sizes=\"(max-width: 2560px) 100vw, 2560px\" \/><\/p>\n","protected":false},"excerpt":{"rendered":"<p>Vi n\u00e6rmer os afslutningen p\u00e5 byggeperioden for 9 b\u00e6redygtige og f\u00e6rdige erhvervs-\/kontorenheder af meget h\u00f8j kvalitet i erhvervsparken &#8216;Bakestein&#8217; i Zwijndrecht. F\u00e6rdigg\u00f8relsen er planlagt til 1. september 2023! Etagearealerne varierer fra 158 m\u00b2 industriareal med ca. 80 m\u00b2 kontorareal til ca. 569 m\u00b2 industriareal med ca. 100 m\u00b2 kontorareal. Det er muligt at sammenkoble enheder. &#8230; <a title=\"Levering af 9 b\u00e6redygtige og f\u00e6rdige industri-\/kontorenheder af meget h\u00f8j kvalitet Zwijndrecht\" class=\"read-more\" href=\"https:\/\/www.prohuis.nl\/da\/levering-af-9-baeredygtige-og-faerdige-industri-kontorenheder-af-meget-hoej-kvalitet-zwijndrecht\/\" aria-label=\"Read more about Levering af 9 b\u00e6redygtige og f\u00e6rdige industri-\/kontorenheder af meget h\u00f8j kvalitet Zwijndrecht\">L\u00e6s mere <\/a><\/p>\n","protected":false},"author":6,"featured_media":20346,"comment_status":"closed","ping_status":"closed","sticky":false,"template":"","format":"standard","meta":{"footnotes":""},"categories":[31],"tags":[],"class_list":["post-20360","post","type-post","status-publish","format-standard","has-post-thumbnail","hentry","category-nyheder"],"_links":{"self":[{"href":"https:\/\/www.prohuis.nl\/da\/wp-json\/wp\/v2\/posts\/20360","targetHints":{"allow":["GET"]}}],"collection":[{"href":"https:\/\/www.prohuis.nl\/da\/wp-json\/wp\/v2\/posts"}],"about":[{"href":"https:\/\/www.prohuis.nl\/da\/wp-json\/wp\/v2\/types\/post"}],"author":[{"embeddable":true,"href":"https:\/\/www.prohuis.nl\/da\/wp-json\/wp\/v2\/users\/6"}],"replies":[{"embeddable":true,"href":"https:\/\/www.prohuis.nl\/da\/wp-json\/wp\/v2\/comments?post=20360"}],"version-history":[{"count":1,"href":"https:\/\/www.prohuis.nl\/da\/wp-json\/wp\/v2\/posts\/20360\/revisions"}],"predecessor-version":[{"id":20362,"href":"https:\/\/www.prohuis.nl\/da\/wp-json\/wp\/v2\/posts\/20360\/revisions\/20362"}],"wp:featuredmedia":[{"embeddable":true,"href":"https:\/\/www.prohuis.nl\/da\/wp-json\/wp\/v2\/media\/20346"}],"wp:attachment":[{"href":"https:\/\/www.prohuis.nl\/da\/wp-json\/wp\/v2\/media?parent=20360"}],"wp:term":[{"taxonomy":"category","embeddable":true,"href":"https:\/\/www.prohuis.nl\/da\/wp-json\/wp\/v2\/categories?post=20360"},{"taxonomy":"post_tag","embeddable":true,"href":"https:\/\/www.prohuis.nl\/da\/wp-json\/wp\/v2\/tags?post=20360"}],"curies":[{"name":"wp","href":"https:\/\/api.w.org\/{rel}","templated":true}]}}