{"id":19262,"date":"2023-05-01T11:34:50","date_gmt":"2023-05-01T09:34:50","guid":{"rendered":"https:\/\/www.prohuis.nl\/progress-voltastraat-zwijndrecht-2\/"},"modified":"2023-05-01T11:34:50","modified_gmt":"2023-05-01T09:34:50","slug":"progress-voltastraat-zwijndrecht-2","status":"publish","type":"post","link":"https:\/\/www.prohuis.nl\/da\/progress-voltastraat-zwijndrecht-2\/","title":{"rendered":"Progress Voltastraat Zwijndrecht"},"content":{"rendered":"<p>De energieffektive nybyggede erhvervs-\/kontorlokaler p\u00e5 Voltastraat i Zwijndrecht er n\u00e6sten klar til levering!<\/p>\n<p>Forretningslokalerne vil blive f\u00e6rdiggjort til en meget h\u00f8j standard og vil omfatte k\u00f8ling, opvarmning og et gener\u00f8st antal solpaneler pr. enhed.<\/p>\n<p>Etagearealerne varierer fra 158 m\u00b2 industriareal med ca. 80 m\u00b2 kontorareal til ca. 569 m\u00b2 industriareal med ca. 100 m\u00b2 kontorareal. Hver enhed har sin egen parkeringsplads.<\/p>\n<p>Hvis du er interesseret, vil vi gerne invitere dig til en fremvisning. Du kan kontakte <a href=\"https:\/\/www.linkedin.com\/company\/van-vliet-bedrijfsmakelaars-bv\/\" data-attribute-index=\"0\" data-entity-type=\"MINI_COMPANY\" target=\"_blank\" rel=\"noopener\">Van Vliet bedrijfsmakelaars &amp; adviseurs<\/a> eller <a href=\"https:\/\/www.linkedin.com\/company\/&#039;t-goeiehuys\/\" data-attribute-index=\"2\" data-entity-type=\"MINI_COMPANY\" target=\"_blank\" rel=\"noopener\">&#8216;t GoeieHuys<\/a> for at g\u00f8re dette.<\/p>\n<p><img fetchpriority=\"high\" decoding=\"async\" class=\"alignnone size-full wp-image-19240\" src=\"https:\/\/www.prohuis.nl\/wp-content\/uploads\/2023\/05\/1.jpg\" alt=\"\" width=\"582\" height=\"437\" srcset=\"https:\/\/www.prohuis.nl\/wp-content\/uploads\/2023\/05\/1.jpg 582w, https:\/\/www.prohuis.nl\/wp-content\/uploads\/2023\/05\/1-300x225.jpg 300w\" sizes=\"(max-width: 582px) 100vw, 582px\" \/> <img decoding=\"async\" class=\"alignnone size-full wp-image-19244\" src=\"https:\/\/www.prohuis.nl\/wp-content\/uploads\/2023\/05\/2.jpg\" alt=\"\" width=\"1478\" height=\"1108\" srcset=\"https:\/\/www.prohuis.nl\/wp-content\/uploads\/2023\/05\/2.jpg 1478w, https:\/\/www.prohuis.nl\/wp-content\/uploads\/2023\/05\/2-300x225.jpg 300w, https:\/\/www.prohuis.nl\/wp-content\/uploads\/2023\/05\/2-1024x768.jpg 1024w, https:\/\/www.prohuis.nl\/wp-content\/uploads\/2023\/05\/2-768x576.jpg 768w\" sizes=\"(max-width: 1478px) 100vw, 1478px\" \/> <img decoding=\"async\" class=\"alignnone size-full wp-image-19248\" src=\"https:\/\/www.prohuis.nl\/wp-content\/uploads\/2023\/05\/3.jpg\" alt=\"\" width=\"1478\" height=\"1108\" srcset=\"https:\/\/www.prohuis.nl\/wp-content\/uploads\/2023\/05\/3.jpg 1478w, https:\/\/www.prohuis.nl\/wp-content\/uploads\/2023\/05\/3-300x225.jpg 300w, https:\/\/www.prohuis.nl\/wp-content\/uploads\/2023\/05\/3-1024x768.jpg 1024w, https:\/\/www.prohuis.nl\/wp-content\/uploads\/2023\/05\/3-768x576.jpg 768w\" sizes=\"(max-width: 1478px) 100vw, 1478px\" \/> <img loading=\"lazy\" decoding=\"async\" class=\"alignnone size-full wp-image-19252\" src=\"https:\/\/www.prohuis.nl\/wp-content\/uploads\/2023\/05\/4.jpg\" alt=\"\" width=\"1478\" height=\"1108\" srcset=\"https:\/\/www.prohuis.nl\/wp-content\/uploads\/2023\/05\/4.jpg 1478w, https:\/\/www.prohuis.nl\/wp-content\/uploads\/2023\/05\/4-300x225.jpg 300w, https:\/\/www.prohuis.nl\/wp-content\/uploads\/2023\/05\/4-1024x768.jpg 1024w, https:\/\/www.prohuis.nl\/wp-content\/uploads\/2023\/05\/4-768x576.jpg 768w\" sizes=\"(max-width: 1478px) 100vw, 1478px\" \/> <img loading=\"lazy\" decoding=\"async\" class=\"alignnone size-full wp-image-19256\" src=\"https:\/\/www.prohuis.nl\/wp-content\/uploads\/2023\/05\/5.jpg\" alt=\"\" width=\"1478\" height=\"1108\" srcset=\"https:\/\/www.prohuis.nl\/wp-content\/uploads\/2023\/05\/5.jpg 1478w, https:\/\/www.prohuis.nl\/wp-content\/uploads\/2023\/05\/5-300x225.jpg 300w, https:\/\/www.prohuis.nl\/wp-content\/uploads\/2023\/05\/5-1024x768.jpg 1024w, https:\/\/www.prohuis.nl\/wp-content\/uploads\/2023\/05\/5-768x576.jpg 768w\" sizes=\"(max-width: 1478px) 100vw, 1478px\" \/><\/p>\n","protected":false},"excerpt":{"rendered":"<p>De energieffektive nybyggede erhvervs-\/kontorlokaler p\u00e5 Voltastraat i Zwijndrecht er n\u00e6sten klar til levering! Forretningslokalerne vil blive f\u00e6rdiggjort til en meget h\u00f8j standard og vil omfatte k\u00f8ling, opvarmning og et gener\u00f8st antal solpaneler pr. enhed. Etagearealerne varierer fra 158 m\u00b2 industriareal med ca. 80 m\u00b2 kontorareal til ca. 569 m\u00b2 industriareal med ca. 100 m\u00b2 kontorareal. &#8230; <a title=\"Progress Voltastraat Zwijndrecht\" class=\"read-more\" href=\"https:\/\/www.prohuis.nl\/da\/progress-voltastraat-zwijndrecht-2\/\" aria-label=\"Read more about Progress Voltastraat Zwijndrecht\">L\u00e6s mere <\/a><\/p>\n","protected":false},"author":6,"featured_media":19245,"comment_status":"closed","ping_status":"closed","sticky":false,"template":"","format":"standard","meta":{"footnotes":""},"categories":[31],"tags":[],"class_list":["post-19262","post","type-post","status-publish","format-standard","has-post-thumbnail","hentry","category-nyheder"],"_links":{"self":[{"href":"https:\/\/www.prohuis.nl\/da\/wp-json\/wp\/v2\/posts\/19262","targetHints":{"allow":["GET"]}}],"collection":[{"href":"https:\/\/www.prohuis.nl\/da\/wp-json\/wp\/v2\/posts"}],"about":[{"href":"https:\/\/www.prohuis.nl\/da\/wp-json\/wp\/v2\/types\/post"}],"author":[{"embeddable":true,"href":"https:\/\/www.prohuis.nl\/da\/wp-json\/wp\/v2\/users\/6"}],"replies":[{"embeddable":true,"href":"https:\/\/www.prohuis.nl\/da\/wp-json\/wp\/v2\/comments?post=19262"}],"version-history":[{"count":0,"href":"https:\/\/www.prohuis.nl\/da\/wp-json\/wp\/v2\/posts\/19262\/revisions"}],"wp:featuredmedia":[{"embeddable":true,"href":"https:\/\/www.prohuis.nl\/da\/wp-json\/wp\/v2\/media\/19245"}],"wp:attachment":[{"href":"https:\/\/www.prohuis.nl\/da\/wp-json\/wp\/v2\/media?parent=19262"}],"wp:term":[{"taxonomy":"category","embeddable":true,"href":"https:\/\/www.prohuis.nl\/da\/wp-json\/wp\/v2\/categories?post=19262"},{"taxonomy":"post_tag","embeddable":true,"href":"https:\/\/www.prohuis.nl\/da\/wp-json\/wp\/v2\/tags?post=19262"}],"curies":[{"name":"wp","href":"https:\/\/api.w.org\/{rel}","templated":true}]}}