{"id":17697,"date":"2017-04-07T13:08:53","date_gmt":"2017-04-07T11:08:53","guid":{"rendered":"https:\/\/prohuis.nl\/2-enheder-stadig-ledige-i-fase-2-paa-plomperstraat-i-rotterdam\/"},"modified":"2017-04-07T13:08:53","modified_gmt":"2017-04-07T11:08:53","slug":"2-enheder-stadig-ledige-i-fase-2-paa-plomperstraat-i-rotterdam","status":"publish","type":"post","link":"https:\/\/www.prohuis.nl\/da\/2-enheder-stadig-ledige-i-fase-2-paa-plomperstraat-i-rotterdam\/","title":{"rendered":"2 enheder stadig ledige i fase 2 p\u00e5 Plomperstraat i Rotterdam!"},"content":{"rendered":"<p>I morges kl. 8.00 i Waalhaven havde vi m\u00e6glerm\u00f8der med Ooms BOG og Molenaar Bedrijfshuisvesting om 2. fase af Plompertstraat i Rotterdam. Fase 1 er 100 % solgt. Fase 2 to enheder er stadig ledige! Er du interesseret i at k\u00f8be eller leje? Send en e-mail til j.vanderpas@prohuis.nl eller ring 78-6817525<br \/>\n<img fetchpriority=\"high\" decoding=\"async\" class=\"alignnone wp-image-647\" src=\"http:\/\/www.prohuis.nl\/wp-content\/uploads\/2017\/04\/17841915_1497054730325715_2055725339_n.jpg\" alt=\"17841915_1497054730325715_2055725339_n\" width=\"313\" height=\"417\" srcset=\"https:\/\/www.prohuis.nl\/wp-content\/uploads\/2017\/04\/17841915_1497054730325715_2055725339_n.jpg 480w, https:\/\/www.prohuis.nl\/wp-content\/uploads\/2017\/04\/17841915_1497054730325715_2055725339_n-225x300.jpg 225w\" sizes=\"(max-width: 313px) 100vw, 313px\" \/><\/p>\n","protected":false},"excerpt":{"rendered":"<p>I morges kl. 8.00 i Waalhaven havde vi m\u00e6glerm\u00f8der med Ooms BOG og Molenaar Bedrijfshuisvesting om 2. fase af Plompertstraat i Rotterdam. Fase 1 er 100 % solgt. Fase 2 to enheder er stadig ledige! Er du interesseret i at k\u00f8be eller leje? Send en e-mail til j.vanderpas@prohuis.nl eller ring 78-6817525<\/p>\n","protected":false},"author":1,"featured_media":10921,"comment_status":"closed","ping_status":"closed","sticky":false,"template":"","format":"standard","meta":{"footnotes":""},"categories":[31],"tags":[],"class_list":["post-17697","post","type-post","status-publish","format-standard","has-post-thumbnail","hentry","category-nyheder"],"_links":{"self":[{"href":"https:\/\/www.prohuis.nl\/da\/wp-json\/wp\/v2\/posts\/17697","targetHints":{"allow":["GET"]}}],"collection":[{"href":"https:\/\/www.prohuis.nl\/da\/wp-json\/wp\/v2\/posts"}],"about":[{"href":"https:\/\/www.prohuis.nl\/da\/wp-json\/wp\/v2\/types\/post"}],"author":[{"embeddable":true,"href":"https:\/\/www.prohuis.nl\/da\/wp-json\/wp\/v2\/users\/1"}],"replies":[{"embeddable":true,"href":"https:\/\/www.prohuis.nl\/da\/wp-json\/wp\/v2\/comments?post=17697"}],"version-history":[{"count":0,"href":"https:\/\/www.prohuis.nl\/da\/wp-json\/wp\/v2\/posts\/17697\/revisions"}],"wp:featuredmedia":[{"embeddable":true,"href":"https:\/\/www.prohuis.nl\/da\/wp-json\/wp\/v2\/media\/10921"}],"wp:attachment":[{"href":"https:\/\/www.prohuis.nl\/da\/wp-json\/wp\/v2\/media?parent=17697"}],"wp:term":[{"taxonomy":"category","embeddable":true,"href":"https:\/\/www.prohuis.nl\/da\/wp-json\/wp\/v2\/categories?post=17697"},{"taxonomy":"post_tag","embeddable":true,"href":"https:\/\/www.prohuis.nl\/da\/wp-json\/wp\/v2\/tags?post=17697"}],"curies":[{"name":"wp","href":"https:\/\/api.w.org\/{rel}","templated":true}]}}