{"id":17644,"date":"2017-08-29T09:04:38","date_gmt":"2017-08-29T07:04:38","guid":{"rendered":"https:\/\/prohuis.nl\/festlig-1-bunke-slaaet-af-ridderkerk-raadmand\/"},"modified":"2017-08-29T09:04:38","modified_gmt":"2017-08-29T07:04:38","slug":"festlig-1-bunke-slaaet-af-ridderkerk-raadmand","status":"publish","type":"post","link":"https:\/\/www.prohuis.nl\/da\/festlig-1-bunke-slaaet-af-ridderkerk-raadmand\/","title":{"rendered":"Festlig 1. bunke sl\u00e5et af Ridderkerk-r\u00e5dmand"},"content":{"rendered":"<p>I g\u00e5r, hr. Gobinda sammen med sine s\u00f8nner og byr\u00e5dsmedlem Henk Dokter den festlige bunke til vores nye byggeprojekt p\u00e5 Cornelisland Ridderkerk.<\/p>\n<p>Der er stadig nogle enheder til salg! Det drejer sig om 893 m\u00b2 lagerplads (8 meter h\u00f8j, 2.500 kg\/m\u00b2 gulvlast) og 98 m\u00b2 kontorplads p\u00e5 1.195 m\u00b2 egen grund. K\u00f8bspris \u20ac 990.000 fri p\u00e5 navn eksklusive moms.<\/p>\n<p><img fetchpriority=\"high\" decoding=\"async\" class=\"alignnone size-full wp-image-1240\" src=\"http:\/\/prohuis.nl\/wp-content\/uploads\/2017\/08\/IMG_5391.jpg\" alt=\"\" width=\"640\" height=\"480\"><\/p>\n<p><img decoding=\"async\" class=\"alignnone size-full wp-image-1241\" src=\"http:\/\/prohuis.nl\/wp-content\/uploads\/2017\/08\/IMG_5395.jpg\" alt=\"\" width=\"640\" height=\"480\" srcset=\"https:\/\/www.prohuis.nl\/wp-content\/uploads\/2017\/08\/IMG_5395.jpg 640w, https:\/\/www.prohuis.nl\/wp-content\/uploads\/2017\/08\/IMG_5395-300x225.jpg 300w\" sizes=\"(max-width: 640px) 100vw, 640px\" \/><\/p>\n","protected":false},"excerpt":{"rendered":"<p>I g\u00e5r, hr. Gobinda sammen med sine s\u00f8nner og byr\u00e5dsmedlem Henk Dokter den festlige bunke til vores nye byggeprojekt p\u00e5 Cornelisland Ridderkerk. Der er stadig nogle enheder til salg! Det drejer sig om 893 m\u00b2 lagerplads (8 meter h\u00f8j, 2.500 kg\/m\u00b2 gulvlast) og 98 m\u00b2 kontorplads p\u00e5 1.195 m\u00b2 egen grund. K\u00f8bspris \u20ac 990.000 fri &#8230; <a title=\"Festlig 1. bunke sl\u00e5et af Ridderkerk-r\u00e5dmand\" class=\"read-more\" href=\"https:\/\/www.prohuis.nl\/da\/festlig-1-bunke-slaaet-af-ridderkerk-raadmand\/\" aria-label=\"Read more about Festlig 1. bunke sl\u00e5et af Ridderkerk-r\u00e5dmand\">L\u00e6s mere <\/a><\/p>\n","protected":false},"author":1,"featured_media":11355,"comment_status":"closed","ping_status":"closed","sticky":false,"template":"","format":"standard","meta":{"footnotes":""},"categories":[31],"tags":[],"class_list":["post-17644","post","type-post","status-publish","format-standard","has-post-thumbnail","hentry","category-nyheder"],"_links":{"self":[{"href":"https:\/\/www.prohuis.nl\/da\/wp-json\/wp\/v2\/posts\/17644","targetHints":{"allow":["GET"]}}],"collection":[{"href":"https:\/\/www.prohuis.nl\/da\/wp-json\/wp\/v2\/posts"}],"about":[{"href":"https:\/\/www.prohuis.nl\/da\/wp-json\/wp\/v2\/types\/post"}],"author":[{"embeddable":true,"href":"https:\/\/www.prohuis.nl\/da\/wp-json\/wp\/v2\/users\/1"}],"replies":[{"embeddable":true,"href":"https:\/\/www.prohuis.nl\/da\/wp-json\/wp\/v2\/comments?post=17644"}],"version-history":[{"count":0,"href":"https:\/\/www.prohuis.nl\/da\/wp-json\/wp\/v2\/posts\/17644\/revisions"}],"wp:featuredmedia":[{"embeddable":true,"href":"https:\/\/www.prohuis.nl\/da\/wp-json\/wp\/v2\/media\/11355"}],"wp:attachment":[{"href":"https:\/\/www.prohuis.nl\/da\/wp-json\/wp\/v2\/media?parent=17644"}],"wp:term":[{"taxonomy":"category","embeddable":true,"href":"https:\/\/www.prohuis.nl\/da\/wp-json\/wp\/v2\/categories?post=17644"},{"taxonomy":"post_tag","embeddable":true,"href":"https:\/\/www.prohuis.nl\/da\/wp-json\/wp\/v2\/tags?post=17644"}],"curies":[{"name":"wp","href":"https:\/\/api.w.org\/{rel}","templated":true}]}}