{"id":16835,"date":"2017-07-25T14:35:43","date_gmt":"2017-07-25T12:35:43","guid":{"rendered":"https:\/\/prohuis.nl\/mastmaaling-i-30-meters-hoejde\/"},"modified":"2017-07-25T14:35:43","modified_gmt":"2017-07-25T12:35:43","slug":"mastmaaling-i-30-meters-hoejde","status":"publish","type":"post","link":"https:\/\/www.prohuis.nl\/da\/mastmaaling-i-30-meters-hoejde\/","title":{"rendered":"Mastm\u00e5ling i 30 meters h\u00f8jde!"},"content":{"rendered":"<p>Vores kollega Arjan van de Graaf vovede at foretage mastem\u00e5lingerne i 30 meters h\u00f8jde i silende regn! Langs motorvejen vil der v\u00e6re en reklamemast med tilh\u00f8rende udvikling. Hold et v\u00e5gent \u00f8je med os, mere om denne udvikling snart!<\/p>\n<p><img fetchpriority=\"high\" decoding=\"async\" class=\"alignnone size-large wp-image-1160\" src=\"http:\/\/prohuis.nl\/wp-content\/uploads\/2017\/07\/20394573_1621794244518429_1006745381_o.jpg\" alt=\"\" width=\"772\" height=\"1030\"> <img decoding=\"async\" class=\"alignnone size-large wp-image-1161\" src=\"http:\/\/prohuis.nl\/wp-content\/uploads\/2017\/07\/20394864_1621794271185093_811080339_o.jpg\" alt=\"\" width=\"1030\" height=\"772\" srcset=\"https:\/\/www.prohuis.nl\/wp-content\/uploads\/2017\/07\/20394864_1621794271185093_811080339_o.jpg 1334w, https:\/\/www.prohuis.nl\/wp-content\/uploads\/2017\/07\/20394864_1621794271185093_811080339_o-300x225.jpg 300w, https:\/\/www.prohuis.nl\/wp-content\/uploads\/2017\/07\/20394864_1621794271185093_811080339_o-1024x768.jpg 1024w, https:\/\/www.prohuis.nl\/wp-content\/uploads\/2017\/07\/20394864_1621794271185093_811080339_o-768x576.jpg 768w\" sizes=\"(max-width: 1030px) 100vw, 1030px\" \/><\/p>\n","protected":false},"excerpt":{"rendered":"<p>Vores kollega Arjan van de Graaf vovede at foretage mastem\u00e5lingerne i 30 meters h\u00f8jde i silende regn! Langs motorvejen vil der v\u00e6re en reklamemast med tilh\u00f8rende udvikling. Hold et v\u00e5gent \u00f8je med os, mere om denne udvikling snart!<\/p>\n","protected":false},"author":1,"featured_media":11253,"comment_status":"closed","ping_status":"closed","sticky":false,"template":"","format":"standard","meta":{"footnotes":""},"categories":[31],"tags":[],"class_list":["post-16835","post","type-post","status-publish","format-standard","has-post-thumbnail","hentry","category-nyheder"],"_links":{"self":[{"href":"https:\/\/www.prohuis.nl\/da\/wp-json\/wp\/v2\/posts\/16835","targetHints":{"allow":["GET"]}}],"collection":[{"href":"https:\/\/www.prohuis.nl\/da\/wp-json\/wp\/v2\/posts"}],"about":[{"href":"https:\/\/www.prohuis.nl\/da\/wp-json\/wp\/v2\/types\/post"}],"author":[{"embeddable":true,"href":"https:\/\/www.prohuis.nl\/da\/wp-json\/wp\/v2\/users\/1"}],"replies":[{"embeddable":true,"href":"https:\/\/www.prohuis.nl\/da\/wp-json\/wp\/v2\/comments?post=16835"}],"version-history":[{"count":0,"href":"https:\/\/www.prohuis.nl\/da\/wp-json\/wp\/v2\/posts\/16835\/revisions"}],"wp:featuredmedia":[{"embeddable":true,"href":"https:\/\/www.prohuis.nl\/da\/wp-json\/wp\/v2\/media\/11253"}],"wp:attachment":[{"href":"https:\/\/www.prohuis.nl\/da\/wp-json\/wp\/v2\/media?parent=16835"}],"wp:term":[{"taxonomy":"category","embeddable":true,"href":"https:\/\/www.prohuis.nl\/da\/wp-json\/wp\/v2\/categories?post=16835"},{"taxonomy":"post_tag","embeddable":true,"href":"https:\/\/www.prohuis.nl\/da\/wp-json\/wp\/v2\/tags?post=16835"}],"curies":[{"name":"wp","href":"https:\/\/api.w.org\/{rel}","templated":true}]}}