{"id":16750,"date":"2018-02-01T16:51:51","date_gmt":"2018-02-01T15:51:51","guid":{"rendered":"https:\/\/prohuis.nl\/festligt-polprojekt-sportlaan-i-spijkenisse\/"},"modified":"2018-02-01T16:51:51","modified_gmt":"2018-02-01T15:51:51","slug":"festligt-polprojekt-sportlaan-i-spijkenisse","status":"publish","type":"post","link":"https:\/\/www.prohuis.nl\/da\/festligt-polprojekt-sportlaan-i-spijkenisse\/","title":{"rendered":"Festligt polprojekt Sportlaan i Spijkenisse!"},"content":{"rendered":"<p><span id=\"ember7926\" class=\"ember-view\">R\u00e5dmand de Graad af den <\/span><a id=\"ember7929\" class=\"feed-link feed-shared-main-content__mention ember-view\" tabindex=\"0\" role=\"link\" href=\"https:\/\/www.linkedin.com\/company\/10006019\/\" data-control-name=\"mention\" target=\"_blank\" rel=\"noopener\"><br \/>\n  <span data-entity-hovercard-id=\"urn:li:fs_miniCompany:10006019\">Kommune Nissewaard<\/span><br \/>\n<\/a><span id=\"ember7931\" class=\"ember-view\">  i g\u00e5r ramte den festlige p\u00e6l p\u00e5 projekt Sportlaan i Spijkenisse. Vores kollega  <\/span><a id=\"ember7934\" class=\"feed-link feed-shared-main-content__mention ember-view\" tabindex=\"0\" role=\"link\" href=\"https:\/\/www.linkedin.com\/in\/arjanvandergraaf\/\" data-control-name=\"mention\" target=\"_blank\" rel=\"noopener\"><span data-entity-hovercard-id=\"urn:li:fs_miniProfile:ACoAAAe2cbcBdQGQwDNrQh6zA5k5crLeS-BlH1E\">Arjan van de Graaf<\/span><\/a><span id=\"ember7936\" class=\"ember-view\">  rakte ham en festlig blomst. Vi \u00f8nsker  <\/span><a id=\"ember7939\" class=\"feed-link feed-shared-main-content__mention ember-view\" tabindex=\"0\" role=\"link\" href=\"https:\/\/www.linkedin.com\/company\/4825546\/\" data-control-name=\"mention\" target=\"_blank\" rel=\"noopener\"><br \/>\n  <span data-entity-hovercard-id=\"urn:li:fs_miniCompany:4825546\">Byggefirma Vrolijk BV<\/span><br \/>\n<\/a><span id=\"ember7941\" class=\"ember-view\"> held og lykke i de kommende m\u00e5neder og se frem til \u00e5bningen af de nye BurgerKing og KFC. <\/span> <\/p>\n<p><a href=\"https:\/\/www.youtube.com\/watch?v=mV-LME9mPwI\" target=\"_blank\" rel=\"noopener\">https:\/\/www.youtube.com\/watch?v=mV-LME9mPwI<\/a><\/p>\n<p><img fetchpriority=\"high\" decoding=\"async\" class=\"alignnone size-large wp-image-1674\" src=\"http:\/\/prohuis.nl\/wp-content\/uploads\/2018\/02\/3e614c77-c94b-48f3-91e4-a8139d00cfaf-original.jpg\" alt=\"\" width=\"1030\" height=\"687\"><\/p>\n","protected":false},"excerpt":{"rendered":"<p>R\u00e5dmand de Graad af den Kommune Nissewaard i g\u00e5r ramte den festlige p\u00e6l p\u00e5 projekt Sportlaan i Spijkenisse. Vores kollega Arjan van de Graaf rakte ham en festlig blomst. Vi \u00f8nsker Byggefirma Vrolijk BV held og lykke i de kommende m\u00e5neder og se frem til \u00e5bningen af de nye BurgerKing og KFC. https:\/\/www.youtube.com\/watch?v=mV-LME9mPwI<\/p>\n","protected":false},"author":1,"featured_media":11441,"comment_status":"closed","ping_status":"closed","sticky":false,"template":"","format":"standard","meta":{"footnotes":""},"categories":[31],"tags":[],"class_list":["post-16750","post","type-post","status-publish","format-standard","has-post-thumbnail","hentry","category-nyheder"],"_links":{"self":[{"href":"https:\/\/www.prohuis.nl\/da\/wp-json\/wp\/v2\/posts\/16750","targetHints":{"allow":["GET"]}}],"collection":[{"href":"https:\/\/www.prohuis.nl\/da\/wp-json\/wp\/v2\/posts"}],"about":[{"href":"https:\/\/www.prohuis.nl\/da\/wp-json\/wp\/v2\/types\/post"}],"author":[{"embeddable":true,"href":"https:\/\/www.prohuis.nl\/da\/wp-json\/wp\/v2\/users\/1"}],"replies":[{"embeddable":true,"href":"https:\/\/www.prohuis.nl\/da\/wp-json\/wp\/v2\/comments?post=16750"}],"version-history":[{"count":0,"href":"https:\/\/www.prohuis.nl\/da\/wp-json\/wp\/v2\/posts\/16750\/revisions"}],"wp:featuredmedia":[{"embeddable":true,"href":"https:\/\/www.prohuis.nl\/da\/wp-json\/wp\/v2\/media\/11441"}],"wp:attachment":[{"href":"https:\/\/www.prohuis.nl\/da\/wp-json\/wp\/v2\/media?parent=16750"}],"wp:term":[{"taxonomy":"category","embeddable":true,"href":"https:\/\/www.prohuis.nl\/da\/wp-json\/wp\/v2\/categories?post=16750"},{"taxonomy":"post_tag","embeddable":true,"href":"https:\/\/www.prohuis.nl\/da\/wp-json\/wp\/v2\/tags?post=16750"}],"curies":[{"name":"wp","href":"https:\/\/api.w.org\/{rel}","templated":true}]}}