{"id":16726,"date":"2018-06-01T15:25:31","date_gmt":"2018-06-01T13:25:31","guid":{"rendered":"https:\/\/prohuis.nl\/nyt-under-udvikling\/"},"modified":"2018-06-01T15:25:31","modified_gmt":"2018-06-01T13:25:31","slug":"nyt-under-udvikling","status":"publish","type":"post","link":"https:\/\/www.prohuis.nl\/da\/nyt-under-udvikling\/","title":{"rendered":"&#8220;NYT UNDER UDVIKLING&#8221;"},"content":{"rendered":"<p>Vi har travlt med at forberede det nye erhvervscenter fase 1, der skal udvikles p\u00e5 Ambachtsezoom i Hendrik Ido Ambacht. Sammen med kommunen arbejder vi p\u00e5 at skabe et image af h\u00f8j kvalitet og b\u00e6redygtighed. Bygningerne vil f.eks. blive udstyret med gr\u00f8nne tage, gr\u00f8nne facader og solpaneler. Er du interesseret i en erhvervs-\/kontorlejlighed? I s\u00e5 fald skal du tilmelde dig p\u00e5 j.vanderpas@prohuis.nl.<\/p>\n<p><img fetchpriority=\"high\" decoding=\"async\" class=\"alignnone size-large wp-image-2605\" src=\"http:\/\/prohuis.nl\/wp-content\/uploads\/2018\/06\/vogelvlucht-AZ1.jpg\" alt=\"\" width=\"1030\" height=\"677\" srcset=\"https:\/\/www.prohuis.nl\/wp-content\/uploads\/2018\/06\/vogelvlucht-AZ1.jpg 1644w, https:\/\/www.prohuis.nl\/wp-content\/uploads\/2018\/06\/vogelvlucht-AZ1-300x197.jpg 300w, https:\/\/www.prohuis.nl\/wp-content\/uploads\/2018\/06\/vogelvlucht-AZ1-1024x673.jpg 1024w, https:\/\/www.prohuis.nl\/wp-content\/uploads\/2018\/06\/vogelvlucht-AZ1-768x505.jpg 768w, https:\/\/www.prohuis.nl\/wp-content\/uploads\/2018\/06\/vogelvlucht-AZ1-1536x1009.jpg 1536w\" sizes=\"(max-width: 1030px) 100vw, 1030px\" \/><\/p>\n","protected":false},"excerpt":{"rendered":"<p>Vi har travlt med at forberede det nye erhvervscenter fase 1, der skal udvikles p\u00e5 Ambachtsezoom i Hendrik Ido Ambacht. Sammen med kommunen arbejder vi p\u00e5 at skabe et image af h\u00f8j kvalitet og b\u00e6redygtighed. Bygningerne vil f.eks. blive udstyret med gr\u00f8nne tage, gr\u00f8nne facader og solpaneler. Er du interesseret i en erhvervs-\/kontorlejlighed? I s\u00e5 &#8230; <a title=\"&#8220;NYT UNDER UDVIKLING&#8221;\" class=\"read-more\" href=\"https:\/\/www.prohuis.nl\/da\/nyt-under-udvikling\/\" aria-label=\"Read more about &#8220;NYT UNDER UDVIKLING&#8221;\">L\u00e6s mere <\/a><\/p>\n","protected":false},"author":1,"featured_media":11473,"comment_status":"closed","ping_status":"closed","sticky":false,"template":"","format":"standard","meta":{"footnotes":""},"categories":[31],"tags":[],"class_list":["post-16726","post","type-post","status-publish","format-standard","has-post-thumbnail","hentry","category-nyheder"],"_links":{"self":[{"href":"https:\/\/www.prohuis.nl\/da\/wp-json\/wp\/v2\/posts\/16726","targetHints":{"allow":["GET"]}}],"collection":[{"href":"https:\/\/www.prohuis.nl\/da\/wp-json\/wp\/v2\/posts"}],"about":[{"href":"https:\/\/www.prohuis.nl\/da\/wp-json\/wp\/v2\/types\/post"}],"author":[{"embeddable":true,"href":"https:\/\/www.prohuis.nl\/da\/wp-json\/wp\/v2\/users\/1"}],"replies":[{"embeddable":true,"href":"https:\/\/www.prohuis.nl\/da\/wp-json\/wp\/v2\/comments?post=16726"}],"version-history":[{"count":0,"href":"https:\/\/www.prohuis.nl\/da\/wp-json\/wp\/v2\/posts\/16726\/revisions"}],"wp:featuredmedia":[{"embeddable":true,"href":"https:\/\/www.prohuis.nl\/da\/wp-json\/wp\/v2\/media\/11473"}],"wp:attachment":[{"href":"https:\/\/www.prohuis.nl\/da\/wp-json\/wp\/v2\/media?parent=16726"}],"wp:term":[{"taxonomy":"category","embeddable":true,"href":"https:\/\/www.prohuis.nl\/da\/wp-json\/wp\/v2\/categories?post=16726"},{"taxonomy":"post_tag","embeddable":true,"href":"https:\/\/www.prohuis.nl\/da\/wp-json\/wp\/v2\/tags?post=16726"}],"curies":[{"name":"wp","href":"https:\/\/api.w.org\/{rel}","templated":true}]}}