{"id":16589,"date":"2019-07-30T08:39:34","date_gmt":"2019-07-30T06:39:34","guid":{"rendered":"https:\/\/prohuis.nl\/faerdiggoerelse-af-florijnstraat-ridderkerk\/"},"modified":"2019-07-30T08:39:34","modified_gmt":"2019-07-30T06:39:34","slug":"faerdiggoerelse-af-florijnstraat-ridderkerk","status":"publish","type":"post","link":"https:\/\/www.prohuis.nl\/da\/faerdiggoerelse-af-florijnstraat-ridderkerk\/","title":{"rendered":"F\u00e6rdigg\u00f8relse af Florijnstraat Ridderkerk"},"content":{"rendered":"<p class=\"mentions-texteditor__content\">I sidste uge f\u00e6rdiggjorde vi med succes de f\u00f8rste enheder af det fem enheder store kompleks p\u00e5 Florijnstraat i Ridderkerk.<\/p>\n<p class=\"mentions-texteditor__content\">Vi lyk\u00f8nsker alle k\u00f8bere og takker alle involverede partnere!<\/p>\n<p><img fetchpriority=\"high\" decoding=\"async\" class=\"alignnone size-large wp-image-3628\" src=\"http:\/\/prohuis.nl\/wp-content\/uploads\/2019\/07\/1-1.jpg\" alt=\"\" width=\"773\" height=\"1030\" srcset=\"https:\/\/www.prohuis.nl\/wp-content\/uploads\/2019\/07\/1-1.jpg 810w, https:\/\/www.prohuis.nl\/wp-content\/uploads\/2019\/07\/1-1-225x300.jpg 225w, https:\/\/www.prohuis.nl\/wp-content\/uploads\/2019\/07\/1-1-768x1024.jpg 768w\" sizes=\"(max-width: 773px) 100vw, 773px\" \/> <img decoding=\"async\" class=\"alignnone size-large wp-image-3629\" src=\"http:\/\/prohuis.nl\/wp-content\/uploads\/2019\/07\/2-1.jpg\" alt=\"\" width=\"1030\" height=\"773\" srcset=\"https:\/\/www.prohuis.nl\/wp-content\/uploads\/2019\/07\/2-1.jpg 1440w, https:\/\/www.prohuis.nl\/wp-content\/uploads\/2019\/07\/2-1-300x225.jpg 300w, https:\/\/www.prohuis.nl\/wp-content\/uploads\/2019\/07\/2-1-1024x768.jpg 1024w, https:\/\/www.prohuis.nl\/wp-content\/uploads\/2019\/07\/2-1-768x576.jpg 768w\" sizes=\"(max-width: 1030px) 100vw, 1030px\" \/> <img decoding=\"async\" class=\"alignnone size-large wp-image-3630\" src=\"http:\/\/prohuis.nl\/wp-content\/uploads\/2019\/07\/3-1.jpg\" alt=\"\" width=\"1030\" height=\"773\" srcset=\"https:\/\/www.prohuis.nl\/wp-content\/uploads\/2019\/07\/3-1.jpg 1280w, https:\/\/www.prohuis.nl\/wp-content\/uploads\/2019\/07\/3-1-300x225.jpg 300w, https:\/\/www.prohuis.nl\/wp-content\/uploads\/2019\/07\/3-1-1024x768.jpg 1024w, https:\/\/www.prohuis.nl\/wp-content\/uploads\/2019\/07\/3-1-768x576.jpg 768w\" sizes=\"(max-width: 1030px) 100vw, 1030px\" \/><img loading=\"lazy\" decoding=\"async\" class=\"alignnone size-large wp-image-3631\" src=\"http:\/\/prohuis.nl\/wp-content\/uploads\/2019\/07\/67377810_1129586653916150_2488024685707526144_n.jpg\" alt=\"\" width=\"773\" height=\"1030\" srcset=\"https:\/\/www.prohuis.nl\/wp-content\/uploads\/2019\/07\/67377810_1129586653916150_2488024685707526144_n.jpg 810w, https:\/\/www.prohuis.nl\/wp-content\/uploads\/2019\/07\/67377810_1129586653916150_2488024685707526144_n-225x300.jpg 225w, https:\/\/www.prohuis.nl\/wp-content\/uploads\/2019\/07\/67377810_1129586653916150_2488024685707526144_n-768x1024.jpg 768w\" sizes=\"(max-width: 773px) 100vw, 773px\" \/> <img loading=\"lazy\" decoding=\"async\" class=\"alignnone size-large wp-image-3632\" src=\"http:\/\/prohuis.nl\/wp-content\/uploads\/2019\/07\/67403142_2352712678283128_3727237284496408576_n.jpg\" alt=\"\" width=\"800\" height=\"600\" srcset=\"https:\/\/www.prohuis.nl\/wp-content\/uploads\/2019\/07\/67403142_2352712678283128_3727237284496408576_n.jpg 800w, https:\/\/www.prohuis.nl\/wp-content\/uploads\/2019\/07\/67403142_2352712678283128_3727237284496408576_n-300x225.jpg 300w, https:\/\/www.prohuis.nl\/wp-content\/uploads\/2019\/07\/67403142_2352712678283128_3727237284496408576_n-768x576.jpg 768w\" sizes=\"(max-width: 800px) 100vw, 800px\" \/> <img loading=\"lazy\" decoding=\"async\" class=\"alignnone size-large wp-image-3633\" src=\"http:\/\/prohuis.nl\/wp-content\/uploads\/2019\/07\/68240959_624404347963083_9100241264418226176_n.jpg\" alt=\"\" width=\"773\" height=\"1030\" srcset=\"https:\/\/www.prohuis.nl\/wp-content\/uploads\/2019\/07\/68240959_624404347963083_9100241264418226176_n.jpg 810w, https:\/\/www.prohuis.nl\/wp-content\/uploads\/2019\/07\/68240959_624404347963083_9100241264418226176_n-225x300.jpg 225w, https:\/\/www.prohuis.nl\/wp-content\/uploads\/2019\/07\/68240959_624404347963083_9100241264418226176_n-768x1024.jpg 768w\" sizes=\"(max-width: 773px) 100vw, 773px\" \/><\/p>\n","protected":false},"excerpt":{"rendered":"<p>I sidste uge f\u00e6rdiggjorde vi med succes de f\u00f8rste enheder af det fem enheder store kompleks p\u00e5 Florijnstraat i Ridderkerk. Vi lyk\u00f8nsker alle k\u00f8bere og takker alle involverede partnere!<\/p>\n","protected":false},"author":1,"featured_media":11595,"comment_status":"closed","ping_status":"closed","sticky":false,"template":"","format":"standard","meta":{"footnotes":""},"categories":[31],"tags":[],"class_list":["post-16589","post","type-post","status-publish","format-standard","has-post-thumbnail","hentry","category-nyheder"],"_links":{"self":[{"href":"https:\/\/www.prohuis.nl\/da\/wp-json\/wp\/v2\/posts\/16589","targetHints":{"allow":["GET"]}}],"collection":[{"href":"https:\/\/www.prohuis.nl\/da\/wp-json\/wp\/v2\/posts"}],"about":[{"href":"https:\/\/www.prohuis.nl\/da\/wp-json\/wp\/v2\/types\/post"}],"author":[{"embeddable":true,"href":"https:\/\/www.prohuis.nl\/da\/wp-json\/wp\/v2\/users\/1"}],"replies":[{"embeddable":true,"href":"https:\/\/www.prohuis.nl\/da\/wp-json\/wp\/v2\/comments?post=16589"}],"version-history":[{"count":0,"href":"https:\/\/www.prohuis.nl\/da\/wp-json\/wp\/v2\/posts\/16589\/revisions"}],"wp:featuredmedia":[{"embeddable":true,"href":"https:\/\/www.prohuis.nl\/da\/wp-json\/wp\/v2\/media\/11595"}],"wp:attachment":[{"href":"https:\/\/www.prohuis.nl\/da\/wp-json\/wp\/v2\/media?parent=16589"}],"wp:term":[{"taxonomy":"category","embeddable":true,"href":"https:\/\/www.prohuis.nl\/da\/wp-json\/wp\/v2\/categories?post=16589"},{"taxonomy":"post_tag","embeddable":true,"href":"https:\/\/www.prohuis.nl\/da\/wp-json\/wp\/v2\/tags?post=16589"}],"curies":[{"name":"wp","href":"https:\/\/api.w.org\/{rel}","templated":true}]}}