{"id":16539,"date":"2019-11-06T08:52:13","date_gmt":"2019-11-06T07:52:13","guid":{"rendered":"https:\/\/prohuis.nl\/staalkonstruktion-fase-3-4-ridderkerk\/"},"modified":"2019-11-06T08:52:13","modified_gmt":"2019-11-06T07:52:13","slug":"staalkonstruktion-fase-3-4-ridderkerk","status":"publish","type":"post","link":"https:\/\/www.prohuis.nl\/da\/staalkonstruktion-fase-3-4-ridderkerk\/","title":{"rendered":"St\u00e5lkonstruktion Fase 3 &amp; 4 Ridderkerk"},"content":{"rendered":"<p>I Ridderkerk rejste Reijrink Staalconstructie b.v. hurtigt st\u00e5lkonstruktionen til 3. og 4. fase af denne forretningsbygning med flere lejem\u00e5l. Blok 3 vil v\u00e6re klar i denne uge efter nok, hvorefter blok 4 vil blive p\u00e5begyndt som den n\u00e6ste.<\/p>\n<p><img fetchpriority=\"high\" decoding=\"async\" class=\"alignnone size-large wp-image-4166\" src=\"http:\/\/prohuis.nl\/wp-content\/uploads\/2019\/11\/1.jpg\" alt=\"\" width=\"1030\" height=\"772\" srcset=\"https:\/\/www.prohuis.nl\/wp-content\/uploads\/2019\/11\/1.jpg 1478w, https:\/\/www.prohuis.nl\/wp-content\/uploads\/2019\/11\/1-300x225.jpg 300w, https:\/\/www.prohuis.nl\/wp-content\/uploads\/2019\/11\/1-1024x768.jpg 1024w, https:\/\/www.prohuis.nl\/wp-content\/uploads\/2019\/11\/1-768x576.jpg 768w\" sizes=\"(max-width: 1030px) 100vw, 1030px\" \/><\/p>\n<p><img decoding=\"async\" class=\"alignnone size-large wp-image-4167\" src=\"http:\/\/prohuis.nl\/wp-content\/uploads\/2019\/11\/2.jpg\" alt=\"\" width=\"1030\" height=\"772\" srcset=\"https:\/\/www.prohuis.nl\/wp-content\/uploads\/2019\/11\/2.jpg 1478w, https:\/\/www.prohuis.nl\/wp-content\/uploads\/2019\/11\/2-300x225.jpg 300w, https:\/\/www.prohuis.nl\/wp-content\/uploads\/2019\/11\/2-1024x768.jpg 1024w, https:\/\/www.prohuis.nl\/wp-content\/uploads\/2019\/11\/2-768x576.jpg 768w\" sizes=\"(max-width: 1030px) 100vw, 1030px\" \/><\/p>\n<p><img decoding=\"async\" class=\"alignnone size-large wp-image-4168\" src=\"http:\/\/prohuis.nl\/wp-content\/uploads\/2019\/11\/3.jpg\" alt=\"\" width=\"1030\" height=\"772\" srcset=\"https:\/\/www.prohuis.nl\/wp-content\/uploads\/2019\/11\/3.jpg 1478w, https:\/\/www.prohuis.nl\/wp-content\/uploads\/2019\/11\/3-300x225.jpg 300w, https:\/\/www.prohuis.nl\/wp-content\/uploads\/2019\/11\/3-1024x768.jpg 1024w, https:\/\/www.prohuis.nl\/wp-content\/uploads\/2019\/11\/3-768x576.jpg 768w\" sizes=\"(max-width: 1030px) 100vw, 1030px\" \/><\/p>\n","protected":false},"excerpt":{"rendered":"<p>I Ridderkerk rejste Reijrink Staalconstructie b.v. hurtigt st\u00e5lkonstruktionen til 3. og 4. fase af denne forretningsbygning med flere lejem\u00e5l. Blok 3 vil v\u00e6re klar i denne uge efter nok, hvorefter blok 4 vil blive p\u00e5begyndt som den n\u00e6ste.<\/p>\n","protected":false},"author":1,"featured_media":11651,"comment_status":"closed","ping_status":"closed","sticky":false,"template":"","format":"standard","meta":{"footnotes":""},"categories":[31],"tags":[],"class_list":["post-16539","post","type-post","status-publish","format-standard","has-post-thumbnail","hentry","category-nyheder"],"_links":{"self":[{"href":"https:\/\/www.prohuis.nl\/da\/wp-json\/wp\/v2\/posts\/16539","targetHints":{"allow":["GET"]}}],"collection":[{"href":"https:\/\/www.prohuis.nl\/da\/wp-json\/wp\/v2\/posts"}],"about":[{"href":"https:\/\/www.prohuis.nl\/da\/wp-json\/wp\/v2\/types\/post"}],"author":[{"embeddable":true,"href":"https:\/\/www.prohuis.nl\/da\/wp-json\/wp\/v2\/users\/1"}],"replies":[{"embeddable":true,"href":"https:\/\/www.prohuis.nl\/da\/wp-json\/wp\/v2\/comments?post=16539"}],"version-history":[{"count":0,"href":"https:\/\/www.prohuis.nl\/da\/wp-json\/wp\/v2\/posts\/16539\/revisions"}],"wp:featuredmedia":[{"embeddable":true,"href":"https:\/\/www.prohuis.nl\/da\/wp-json\/wp\/v2\/media\/11651"}],"wp:attachment":[{"href":"https:\/\/www.prohuis.nl\/da\/wp-json\/wp\/v2\/media?parent=16539"}],"wp:term":[{"taxonomy":"category","embeddable":true,"href":"https:\/\/www.prohuis.nl\/da\/wp-json\/wp\/v2\/categories?post=16539"},{"taxonomy":"post_tag","embeddable":true,"href":"https:\/\/www.prohuis.nl\/da\/wp-json\/wp\/v2\/tags?post=16539"}],"curies":[{"name":"wp","href":"https:\/\/api.w.org\/{rel}","templated":true}]}}