{"id":16365,"date":"2021-03-16T18:23:26","date_gmt":"2021-03-16T17:23:26","guid":{"rendered":"https:\/\/prohuis.nl\/artikel-i-de-ondernemer-prohuis-willy-naessens-baeredygtigt-byggeri\/"},"modified":"2021-03-16T18:23:26","modified_gmt":"2021-03-16T17:23:26","slug":"artikel-i-de-ondernemer-prohuis-willy-naessens-baeredygtigt-byggeri","status":"publish","type":"post","link":"https:\/\/www.prohuis.nl\/da\/artikel-i-de-ondernemer-prohuis-willy-naessens-baeredygtigt-byggeri\/","title":{"rendered":"Artikel i &#8220;De Ondernemer&#8221; Prohuis &amp; Willy Naessens b\u00e6redygtigt byggeri"},"content":{"rendered":"<p>I dag udkom der en god artikel i <a href=\"https:\/\/www.linkedin.com\/company\/deondernemer\/\" data-attribute-index=\"0\" data-entity-hovercard-id=\"urn:li:fs_miniCompany:9179951\" data-entity-type=\"MINI_COMPANY\" target=\"_blank\" rel=\"noopener\">De Ondernemer<\/a> om samarbejdet mellem <a href=\"https:\/\/www.linkedin.com\/company\/prohuis-bv\/\" data-attribute-index=\"2\" data-entity-hovercard-id=\"urn:li:fs_miniCompany:10155753\" data-entity-type=\"MINI_COMPANY\" target=\"_blank\" rel=\"noopener\">Prohuis BV<\/a> og <a href=\"https:\/\/www.linkedin.com\/company\/willynaessens-nederland\/\" data-attribute-index=\"4\" data-entity-hovercard-id=\"urn:li:fs_miniCompany:42357615\" data-entity-type=\"MINI_COMPANY\" target=\"_blank\" rel=\"noopener\">Willy Naessens NEDERLAND<\/a><\/p>\n<p>&#8221; , . . . . \u00eb : .&#8221; Siger Arjan van de Graaf, projektleder og medejer af Prohuis BV.<\/p>\n<p>Er du nysgerrig efter hele artiklen? S\u00e5 l\u00e6s dem hurtigt p\u00e5 vores websted\u21d3<br \/>\n<a href=\"https:\/\/lnkd.in\/d77fdNg\" data-attribute-index=\"6\" target=\"_blank\" rel=\"noopener\">https:\/\/lnkd.in\/d77fdNg<\/a><\/p>\n<p><img fetchpriority=\"high\" decoding=\"async\" class=\"alignnone size-large wp-image-5209\" src=\"http:\/\/prohuis.nl\/wp-content\/uploads\/2021\/03\/1615915280930.jpg\" alt=\"\" width=\"718\" height=\"1030\" srcset=\"https:\/\/www.prohuis.nl\/wp-content\/uploads\/2021\/03\/1615915280930.jpg 752w, https:\/\/www.prohuis.nl\/wp-content\/uploads\/2021\/03\/1615915280930-209x300.jpg 209w, https:\/\/www.prohuis.nl\/wp-content\/uploads\/2021\/03\/1615915280930-713x1024.jpg 713w\" sizes=\"(max-width: 718px) 100vw, 718px\" \/><\/p>\n","protected":false},"excerpt":{"rendered":"<p>I dag udkom der en god artikel i De Ondernemer om samarbejdet mellem Prohuis BV og Willy Naessens NEDERLAND &#8221; , . . . . \u00eb : .&#8221; Siger Arjan van de Graaf, projektleder og medejer af Prohuis BV. Er du nysgerrig efter hele artiklen? S\u00e5 l\u00e6s dem hurtigt p\u00e5 vores websted\u21d3 https:\/\/lnkd.in\/d77fdNg<\/p>\n","protected":false},"author":1,"featured_media":11831,"comment_status":"closed","ping_status":"closed","sticky":false,"template":"","format":"standard","meta":{"footnotes":""},"categories":[31],"tags":[],"class_list":["post-16365","post","type-post","status-publish","format-standard","has-post-thumbnail","hentry","category-nyheder"],"_links":{"self":[{"href":"https:\/\/www.prohuis.nl\/da\/wp-json\/wp\/v2\/posts\/16365","targetHints":{"allow":["GET"]}}],"collection":[{"href":"https:\/\/www.prohuis.nl\/da\/wp-json\/wp\/v2\/posts"}],"about":[{"href":"https:\/\/www.prohuis.nl\/da\/wp-json\/wp\/v2\/types\/post"}],"author":[{"embeddable":true,"href":"https:\/\/www.prohuis.nl\/da\/wp-json\/wp\/v2\/users\/1"}],"replies":[{"embeddable":true,"href":"https:\/\/www.prohuis.nl\/da\/wp-json\/wp\/v2\/comments?post=16365"}],"version-history":[{"count":0,"href":"https:\/\/www.prohuis.nl\/da\/wp-json\/wp\/v2\/posts\/16365\/revisions"}],"wp:featuredmedia":[{"embeddable":true,"href":"https:\/\/www.prohuis.nl\/da\/wp-json\/wp\/v2\/media\/11831"}],"wp:attachment":[{"href":"https:\/\/www.prohuis.nl\/da\/wp-json\/wp\/v2\/media?parent=16365"}],"wp:term":[{"taxonomy":"category","embeddable":true,"href":"https:\/\/www.prohuis.nl\/da\/wp-json\/wp\/v2\/categories?post=16365"},{"taxonomy":"post_tag","embeddable":true,"href":"https:\/\/www.prohuis.nl\/da\/wp-json\/wp\/v2\/tags?post=16365"}],"curies":[{"name":"wp","href":"https:\/\/api.w.org\/{rel}","templated":true}]}}