{"id":15418,"date":"2022-03-01T13:14:05","date_gmt":"2022-03-01T12:14:05","guid":{"rendered":"https:\/\/prohuis.nl\/parcel-e-i-hendrik-ido-ambacht-har-stadig-nogle-enheder-til-raadighed\/"},"modified":"2022-10-17T16:51:16","modified_gmt":"2022-10-17T14:51:16","slug":"parcel-e-i-hendrik-ido-ambacht-har-stadig-nogle-enheder-til-raadighed","status":"publish","type":"post","link":"https:\/\/www.prohuis.nl\/da\/parcel-e-i-hendrik-ido-ambacht-har-stadig-nogle-enheder-til-raadighed\/","title":{"rendered":"Parcel E i Hendrik ido Ambacht har stadig nogle enheder til r\u00e5dighed!"},"content":{"rendered":"<p>Byggeriet p\u00e5 grund E i Hendrik Ido Ambacht skrider st\u00f8t fremad! Den forventes afsluttet i uge 13.<\/p>\n<p>Vi spraymaler lokalerne helt hvide for at skabe en endnu mere rummelig f\u00f8lelse!<\/p>\n<p>Der er kun f\u00e5 enheder, der stadig kan lejes. Tilg\u00e6ngelig fra 467 kvm industriareal, 110 kvm kontorareal og 10 parkeringspladser. Det er muligt at kombinere enheder.<\/p>\n<p>Er du interesseret? Kontakt <a href=\"https:\/\/www.linkedin.com\/in\/ACoAABS_4NYBAiIi6Uv9sd3Kn8IslARKPWGVYlE\" data-attribute-index=\"0\" data-entity-hovercard-id=\"urn:li:fs_miniProfile:ACoAABS_4NYBAiIi6Uv9sd3Kn8IslARKPWGVYlE\" data-entity-type=\"MINI_PROFILE\" target=\"_blank\" rel=\"noopener\">Maurice Van de Kamp<\/a> eller <a href=\"https:\/\/www.linkedin.com\/in\/ACoAAAIujnoB-XroDmzR75Ev66VzO2edJuIqqWM\" data-attribute-index=\"2\" data-entity-hovercard-id=\"urn:li:fs_miniProfile:ACoAAAIujnoB-XroDmzR75Ev66VzO2edJuIqqWM\" data-entity-type=\"MINI_PROFILE\" target=\"_blank\" rel=\"noopener\">Hans van Andel<\/a>.<\/p>\n<p><img fetchpriority=\"high\" decoding=\"async\" class=\"alignnone size-large wp-image-6019\" src=\"https:\/\/prohuis.nl\/wp-content\/uploads\/2022\/03\/1-1.jpg\" alt=\"\" width=\"1030\" height=\"555\" srcset=\"https:\/\/www.prohuis.nl\/wp-content\/uploads\/2022\/03\/1-1.jpg 1125w, https:\/\/www.prohuis.nl\/wp-content\/uploads\/2022\/03\/1-1-300x162.jpg 300w, https:\/\/www.prohuis.nl\/wp-content\/uploads\/2022\/03\/1-1-1024x552.jpg 1024w, https:\/\/www.prohuis.nl\/wp-content\/uploads\/2022\/03\/1-1-768x414.jpg 768w\" sizes=\"(max-width: 1030px) 100vw, 1030px\" \/><\/p>\n","protected":false},"excerpt":{"rendered":"<p>Byggeriet p\u00e5 grund E i Hendrik Ido Ambacht skrider st\u00f8t fremad! Den forventes afsluttet i uge 13. Vi spraymaler lokalerne helt hvide for at skabe en endnu mere rummelig f\u00f8lelse! Der er kun f\u00e5 enheder, der stadig kan lejes. Tilg\u00e6ngelig fra 467 kvm industriareal, 110 kvm kontorareal og 10 parkeringspladser. Det er muligt at kombinere &#8230; <a title=\"Parcel E i Hendrik ido Ambacht har stadig nogle enheder til r\u00e5dighed!\" class=\"read-more\" href=\"https:\/\/www.prohuis.nl\/da\/parcel-e-i-hendrik-ido-ambacht-har-stadig-nogle-enheder-til-raadighed\/\" aria-label=\"Read more about Parcel E i Hendrik ido Ambacht har stadig nogle enheder til r\u00e5dighed!\">L\u00e6s mere <\/a><\/p>\n","protected":false},"author":1,"featured_media":11979,"comment_status":"closed","ping_status":"closed","sticky":false,"template":"","format":"standard","meta":{"footnotes":""},"categories":[31],"tags":[],"class_list":["post-15418","post","type-post","status-publish","format-standard","has-post-thumbnail","hentry","category-nyheder"],"_links":{"self":[{"href":"https:\/\/www.prohuis.nl\/da\/wp-json\/wp\/v2\/posts\/15418","targetHints":{"allow":["GET"]}}],"collection":[{"href":"https:\/\/www.prohuis.nl\/da\/wp-json\/wp\/v2\/posts"}],"about":[{"href":"https:\/\/www.prohuis.nl\/da\/wp-json\/wp\/v2\/types\/post"}],"author":[{"embeddable":true,"href":"https:\/\/www.prohuis.nl\/da\/wp-json\/wp\/v2\/users\/1"}],"replies":[{"embeddable":true,"href":"https:\/\/www.prohuis.nl\/da\/wp-json\/wp\/v2\/comments?post=15418"}],"version-history":[{"count":1,"href":"https:\/\/www.prohuis.nl\/da\/wp-json\/wp\/v2\/posts\/15418\/revisions"}],"predecessor-version":[{"id":16199,"href":"https:\/\/www.prohuis.nl\/da\/wp-json\/wp\/v2\/posts\/15418\/revisions\/16199"}],"wp:featuredmedia":[{"embeddable":true,"href":"https:\/\/www.prohuis.nl\/da\/wp-json\/wp\/v2\/media\/11979"}],"wp:attachment":[{"href":"https:\/\/www.prohuis.nl\/da\/wp-json\/wp\/v2\/media?parent=15418"}],"wp:term":[{"taxonomy":"category","embeddable":true,"href":"https:\/\/www.prohuis.nl\/da\/wp-json\/wp\/v2\/categories?post=15418"},{"taxonomy":"post_tag","embeddable":true,"href":"https:\/\/www.prohuis.nl\/da\/wp-json\/wp\/v2\/tags?post=15418"}],"curies":[{"name":"wp","href":"https:\/\/api.w.org\/{rel}","templated":true}]}}